{"id":114327,"date":"2019-09-05T14:20:17","date_gmt":"2019-09-05T17:20:17","guid":{"rendered":"http:\/\/www.caririemacao.com\/1\/?p=114327"},"modified":"2019-09-05T14:20:17","modified_gmt":"2019-09-05T17:20:17","slug":"bolsonaro-assina-decreto-para-processo-de-privatizacao-da-transposicao-de-aguas-do-sao-francisco","status":"publish","type":"post","link":"https:\/\/www.caririemacao.com\/1\/2019\/09\/05\/bolsonaro-assina-decreto-para-processo-de-privatizacao-da-transposicao-de-aguas-do-sao-francisco\/","title":{"rendered":"Bolsonaro assina decreto para processo de privatiza\u00e7\u00e3o da Transposi\u00e7\u00e3o de \u00c1guas do S\u00e3o Francisco"},"content":{"rendered":"\n<p>O presidente Jair Bolsonaro (PSL) assinou decreto, publicado na edi\u00e7\u00e3o desta quinta-feira (5) do Di\u00e1rio Oficial da Uni\u00e3o (DOU), que inclui o Projeto S\u00e3o Francisco de Integra\u00e7\u00e3o de Bacias no \u00e2mbito do Programa de Parcerias de Investimentos da Presid\u00eancia da Rep\u00fablica (PPI).<\/p>\n\n\n\n<p>O decreto qualifica o Projeto S\u00e3o Francisco como \u201cobra estrat\u00e9gica para estudos que visem \u00e0 conclus\u00e3o de suas obras e contrato de parceria com o setor privado para sua opera\u00e7\u00e3o e manuten\u00e7\u00e3o\u201d.<\/p>\n\n\n\n<p>O artigo segundo do decreto presidencial diz: \u201cO Minist\u00e9rio de Minas e Energia encaminhar\u00e1 ao Conselho Nacional de Pol\u00edtica Energ\u00e9tica \u2013 CPE \u2013 proposta de medidas para realiza\u00e7\u00e3o de leil\u00e3o com vistas \u00e0 redu\u00e7\u00e3o dos custos de energia para a opera\u00e7\u00e3o do PISF\u201d (Projeto de Integra\u00e7\u00e3o do Rio S\u00e3o Francisco com Bacias Hidrogr\u00e1ficas do Nordeste Setentrional\u201d.<\/p>\n\n\n\n<p>O decreto de n\u00famero 9954\/19 permitir\u00e1 o aproveitamento das margens dos Canais Norte e Leste do Projeto S\u00e3o Francisco para a gera\u00e7\u00e3o de energia renov\u00e1vel, basicamente a solar.<\/p>\n\n\n\n<p>Como o Governo Federal \u2013 nem o dos estados beneficiados pelo projeto \u2013 disp\u00f5e de recursos para bancar a sua opera\u00e7\u00e3o, a iniciativa privada ser\u00e1 chamada para gerar e vender energia ao longo dos canais Norte e Leste.<\/p>\n\n\n\n<p>O pedido de realiza\u00e7\u00e3o do leil\u00e3o de energia, que ser\u00e1 encaminhado pelo Minist\u00e9rio de Minas e Energia ao CPE, poder\u00e1 ser realizado ao longo do primeiro semestre do pr\u00f3ximo ano.<\/p>\n\n\n\n<p>O custo maior da opera\u00e7\u00e3o do Projeto S\u00e3o Francisco ser\u00e1 com o consumo de energia el\u00e9trica por causa dos conjunto de esta\u00e7\u00f5es elevat\u00f3rias j\u00e1 constru\u00eddas e em opera\u00e7\u00f5es nos dois canais do empreendimento.<\/p>\n\n\n\n<p>Estima-se que, s\u00f3 com energia, a conta da opera\u00e7\u00e3o do projeto ser\u00e1 de R$ 300 milh\u00f5es por ano, o que representar\u00e1 70% de todo o custo do projeto.<\/p>\n\n\n\n<p>O Projeto S\u00e3o Francisco de Integra\u00e7\u00e3o de Bacias dever\u00e1 ser administrado pela Companhia de Desenvolvimento dos Vales do S. Francisco e Parna\u00edba (Codevasf).<\/p>\n\n\n\n<p><em>Com informa\u00e7\u00f5es do Di\u00e1rio do Nordeste<\/em><\/p>\n","protected":false},"excerpt":{"rendered":"<p>O presidente Jair Bolsonaro (PSL) assinou decreto, publicado na edi\u00e7\u00e3o desta quinta-feira (5) do Di\u00e1rio Oficial da Uni\u00e3o (DOU), que inclui o Projeto S\u00e3o Francisco&hellip; <\/p>\n","protected":false},"author":1,"featured_media":33415,"comment_status":"closed","ping_status":"closed","sticky":false,"template":"","format":"standard","meta":{"sfsi_plus_gutenberg_text_before_share":"","sfsi_plus_gutenberg_show_text_before_share":"","sfsi_plus_gutenberg_icon_type":"","sfsi_plus_gutenberg_icon_alignemt":"","sfsi_plus_gutenburg_max_per_row":"","footnotes":""},"categories":[11],"tags":[],"class_list":["post-114327","post","type-post","status-publish","format-standard","has-post-thumbnail","hentry","category-politica"],"_links":{"self":[{"href":"https:\/\/www.caririemacao.com\/1\/wp-json\/wp\/v2\/posts\/114327","targetHints":{"allow":["GET"]}}],"collection":[{"href":"https:\/\/www.caririemacao.com\/1\/wp-json\/wp\/v2\/posts"}],"about":[{"href":"https:\/\/www.caririemacao.com\/1\/wp-json\/wp\/v2\/types\/post"}],"author":[{"embeddable":true,"href":"https:\/\/www.caririemacao.com\/1\/wp-json\/wp\/v2\/users\/1"}],"replies":[{"embeddable":true,"href":"https:\/\/www.caririemacao.com\/1\/wp-json\/wp\/v2\/comments?post=114327"}],"version-history":[{"count":1,"href":"https:\/\/www.caririemacao.com\/1\/wp-json\/wp\/v2\/posts\/114327\/revisions"}],"predecessor-version":[{"id":114328,"href":"https:\/\/www.caririemacao.com\/1\/wp-json\/wp\/v2\/posts\/114327\/revisions\/114328"}],"wp:featuredmedia":[{"embeddable":true,"href":"https:\/\/www.caririemacao.com\/1\/wp-json\/wp\/v2\/media\/33415"}],"wp:attachment":[{"href":"https:\/\/www.caririemacao.com\/1\/wp-json\/wp\/v2\/media?parent=114327"}],"wp:term":[{"taxonomy":"category","embeddable":true,"href":"https:\/\/www.caririemacao.com\/1\/wp-json\/wp\/v2\/categories?post=114327"},{"taxonomy":"post_tag","embeddable":true,"href":"https:\/\/www.caririemacao.com\/1\/wp-json\/wp\/v2\/tags?post=114327"}],"curies":[{"name":"wp","href":"https:\/\/api.w.org\/{rel}","templated":true}]}}