{"id":114334,"date":"2019-09-05T14:31:57","date_gmt":"2019-09-05T17:31:57","guid":{"rendered":"http:\/\/www.caririemacao.com\/1\/?p=114334"},"modified":"2019-09-05T14:31:57","modified_gmt":"2019-09-05T17:31:57","slug":"lancado-novo-guia-para-denuncias-de-racismo","status":"publish","type":"post","link":"https:\/\/www.caririemacao.com\/1\/2019\/09\/05\/lancado-novo-guia-para-denuncias-de-racismo\/","title":{"rendered":"Lan\u00e7ado novo guia para den\u00fancias de racismo"},"content":{"rendered":"\n<p>O novo guia atualizado para den\u00fancias de Racismo e Intoler\u00e2ncia Religiosa j\u00e1 est\u00e1 dispon\u00edvel na vers\u00e3o online no site do governo do Estado \u2013 no link&nbsp;<a href=\"https:\/\/bit.ly\/2k00V7E\">https:\/\/bit.ly\/2k00V7E<\/a>&nbsp;\u2013 e tamb\u00e9m na vers\u00e3o impressa. A publica\u00e7\u00e3o da Secretaria de Estado da Mulher e da Diversidade Humana (Semdh) cont\u00e9m informa\u00e7\u00f5es que ajudam a popula\u00e7\u00e3o a fazer den\u00fancias e os profissionais a encaminharem os casos de crimes com motiva\u00e7\u00e3o racial. Os guias ser\u00e3o distribu\u00eddos em todo o Estado, incluindo escolas, para estimular o debate sobre o racismo e a intoler\u00e2ncia religiosa.<\/p>\n\n\n\n<p>No guia, a popula\u00e7\u00e3o tem acesso aos locais com endere\u00e7os para fazer a den\u00fancia, a exemplo da Delegacia Especializada de Repress\u00e3o aos Crimes Homof\u00f3bicos, \u00c9tnico-raciais e delitos de Intoler\u00e2ncia Religiosa (Dechradi), localizada no Centro de Jo\u00e3o Pessoa. Tamb\u00e9m est\u00e1 incluso o crime de inj\u00faria racial, que foi equiparado ao crime de racismo (Lei 7.716\/89), tornando-o imprescrit\u00edvel e inafian\u00e7\u00e1vel. As den\u00fancias podem ser feitas pelos servi\u00e7os 190 (emerg\u00eancia) e tamb\u00e9m pelo Disque 197 (den\u00fancia).<\/p>\n\n\n\n<p>A secret\u00e1ria da Mulher e da Diversidade Humana, Gilberta Soares, ressalta a import\u00e2ncia de discutir a tem\u00e1tica em diversos espa\u00e7os e com diversos p\u00fablicos, a exemplo de profissionais da educa\u00e7\u00e3o, da sa\u00fade e da seguran\u00e7a p\u00fablica. \u201c\u00c9 preciso que a popula\u00e7\u00e3o fique atenta \u00e0s diversas formas em que o racismo se manifesta para compreender como enfrent\u00e1-lo\u201d, explica.<\/p>\n\n\n\n<p>Segundo a secret\u00e1ria executiva L\u00eddia Moura, o guia \u00e9 fundamental para trabalhar com movimentos sociais e lideran\u00e7as. \u201c\u00c9 um trabalho di\u00e1rio porque o racismo \u00e9 um crime que poder\u00edamos chamar de invis\u00edvel e a sociedade n\u00e3o quer olhar para isto\u201d afirma.<\/p>\n\n\n\n<p>Para o gerente de Equidade Racial da Semdh, Roberto Silva, o guia traz informa\u00e7\u00f5es atualizadas tamb\u00e9m com dados sobre intoler\u00e2ncia religiosa. \u201cO racismo e a intoler\u00e2ncia religiosa afetam a sociedade na medida em que atinge cada pessoa em sua individualidade\u201d, afirma Roberto Silva, que informa que Governo tamb\u00e9m est\u00e1 trabalhando com a elabora\u00e7\u00e3o do Plano de Igualdade Racial, que dever\u00e1 ser lan\u00e7ado em novembro.<\/p>\n\n\n\n<p><strong>MaisPB<\/strong><\/p>\n","protected":false},"excerpt":{"rendered":"<p>O novo guia atualizado para den\u00fancias de Racismo e Intoler\u00e2ncia Religiosa j\u00e1 est\u00e1 dispon\u00edvel na vers\u00e3o online no site do governo do Estado \u2013 no&hellip; <\/p>\n","protected":false},"author":1,"featured_media":114336,"comment_status":"closed","ping_status":"closed","sticky":false,"template":"","format":"standard","meta":{"sfsi_plus_gutenberg_text_before_share":"","sfsi_plus_gutenberg_show_text_before_share":"","sfsi_plus_gutenberg_icon_type":"","sfsi_plus_gutenberg_icon_alignemt":"","sfsi_plus_gutenburg_max_per_row":"","footnotes":""},"categories":[2],"tags":[],"class_list":["post-114334","post","type-post","status-publish","format-standard","has-post-thumbnail","hentry","category-geral"],"_links":{"self":[{"href":"https:\/\/www.caririemacao.com\/1\/wp-json\/wp\/v2\/posts\/114334","targetHints":{"allow":["GET"]}}],"collection":[{"href":"https:\/\/www.caririemacao.com\/1\/wp-json\/wp\/v2\/posts"}],"about":[{"href":"https:\/\/www.caririemacao.com\/1\/wp-json\/wp\/v2\/types\/post"}],"author":[{"embeddable":true,"href":"https:\/\/www.caririemacao.com\/1\/wp-json\/wp\/v2\/users\/1"}],"replies":[{"embeddable":true,"href":"https:\/\/www.caririemacao.com\/1\/wp-json\/wp\/v2\/comments?post=114334"}],"version-history":[{"count":1,"href":"https:\/\/www.caririemacao.com\/1\/wp-json\/wp\/v2\/posts\/114334\/revisions"}],"predecessor-version":[{"id":114337,"href":"https:\/\/www.caririemacao.com\/1\/wp-json\/wp\/v2\/posts\/114334\/revisions\/114337"}],"wp:featuredmedia":[{"embeddable":true,"href":"https:\/\/www.caririemacao.com\/1\/wp-json\/wp\/v2\/media\/114336"}],"wp:attachment":[{"href":"https:\/\/www.caririemacao.com\/1\/wp-json\/wp\/v2\/media?parent=114334"}],"wp:term":[{"taxonomy":"category","embeddable":true,"href":"https:\/\/www.caririemacao.com\/1\/wp-json\/wp\/v2\/categories?post=114334"},{"taxonomy":"post_tag","embeddable":true,"href":"https:\/\/www.caririemacao.com\/1\/wp-json\/wp\/v2\/tags?post=114334"}],"curies":[{"name":"wp","href":"https:\/\/api.w.org\/{rel}","templated":true}]}}