{"id":114339,"date":"2019-09-05T14:38:50","date_gmt":"2019-09-05T17:38:50","guid":{"rendered":"http:\/\/www.caririemacao.com\/1\/?p=114339"},"modified":"2019-09-05T14:38:50","modified_gmt":"2019-09-05T17:38:50","slug":"homem-e-preso-suspeito-de-abusar-sexualmente-e-engravidar-filha-em-jp","status":"publish","type":"post","link":"https:\/\/www.caririemacao.com\/1\/2019\/09\/05\/homem-e-preso-suspeito-de-abusar-sexualmente-e-engravidar-filha-em-jp\/","title":{"rendered":"Homem \u00e9 preso suspeito de abusar sexualmente e engravidar filha, em JP"},"content":{"rendered":"\n<p>Um homem foi preso suspeito de abusar sexualmente da filha desde que a v\u00edtima era menor de idade. Agora, j\u00e1 adulta, ela est\u00e1 gr\u00e1vida do pr\u00f3prio pai, segundo informou a Pol\u00edcia Civil. O suspeito foi detido na tarde desta quinta-feira (5) em cumprimento de mandado de pris\u00e3o.<\/p>\n\n\n\n<p>A delegada Amin Oliveira acionou o Poder Judici\u00e1rio e a Justi\u00e7a concedeu o mandado contra o homem. Ele foi encaminhado \u00e0 Central de Pol\u00edcia Civil, no Geisel.<\/p>\n\n\n\n<p>Alberto Varg\u00f4nio N\u00f3brega da Silva, de 36 anos, vai passar por audi\u00eancia de cust\u00f3dia.<\/p>\n","protected":false},"excerpt":{"rendered":"<p>Um homem foi preso suspeito de abusar sexualmente da filha desde que a v\u00edtima era menor de idade. Agora, j\u00e1 adulta, ela est\u00e1 gr\u00e1vida do&hellip; <\/p>\n","protected":false},"author":1,"featured_media":114340,"comment_status":"closed","ping_status":"closed","sticky":false,"template":"","format":"standard","meta":{"sfsi_plus_gutenberg_text_before_share":"","sfsi_plus_gutenberg_show_text_before_share":"","sfsi_plus_gutenberg_icon_type":"","sfsi_plus_gutenberg_icon_alignemt":"","sfsi_plus_gutenburg_max_per_row":"","footnotes":""},"categories":[12],"tags":[],"class_list":["post-114339","post","type-post","status-publish","format-standard","has-post-thumbnail","hentry","category-policia"],"_links":{"self":[{"href":"https:\/\/www.caririemacao.com\/1\/wp-json\/wp\/v2\/posts\/114339","targetHints":{"allow":["GET"]}}],"collection":[{"href":"https:\/\/www.caririemacao.com\/1\/wp-json\/wp\/v2\/posts"}],"about":[{"href":"https:\/\/www.caririemacao.com\/1\/wp-json\/wp\/v2\/types\/post"}],"author":[{"embeddable":true,"href":"https:\/\/www.caririemacao.com\/1\/wp-json\/wp\/v2\/users\/1"}],"replies":[{"embeddable":true,"href":"https:\/\/www.caririemacao.com\/1\/wp-json\/wp\/v2\/comments?post=114339"}],"version-history":[{"count":1,"href":"https:\/\/www.caririemacao.com\/1\/wp-json\/wp\/v2\/posts\/114339\/revisions"}],"predecessor-version":[{"id":114341,"href":"https:\/\/www.caririemacao.com\/1\/wp-json\/wp\/v2\/posts\/114339\/revisions\/114341"}],"wp:featuredmedia":[{"embeddable":true,"href":"https:\/\/www.caririemacao.com\/1\/wp-json\/wp\/v2\/media\/114340"}],"wp:attachment":[{"href":"https:\/\/www.caririemacao.com\/1\/wp-json\/wp\/v2\/media?parent=114339"}],"wp:term":[{"taxonomy":"category","embeddable":true,"href":"https:\/\/www.caririemacao.com\/1\/wp-json\/wp\/v2\/categories?post=114339"},{"taxonomy":"post_tag","embeddable":true,"href":"https:\/\/www.caririemacao.com\/1\/wp-json\/wp\/v2\/tags?post=114339"}],"curies":[{"name":"wp","href":"https:\/\/api.w.org\/{rel}","templated":true}]}}