{"id":114343,"date":"2019-09-05T14:41:08","date_gmt":"2019-09-05T17:41:08","guid":{"rendered":"http:\/\/www.caririemacao.com\/1\/?p=114343"},"modified":"2019-09-05T14:41:08","modified_gmt":"2019-09-05T17:41:08","slug":"bolsonaro-volta-atras-de-defende-teto-dos-gastos-publicos","status":"publish","type":"post","link":"https:\/\/www.caririemacao.com\/1\/2019\/09\/05\/bolsonaro-volta-atras-de-defende-teto-dos-gastos-publicos\/","title":{"rendered":"Bolsonaro volta atr\u00e1s de defende teto dos gastos p\u00fablicos"},"content":{"rendered":"\n<p>O presidente Jair Bolsonaro afirmou nesta quinta-feira (5) em uma rede social ser preciso &#8220;preservar&#8221; a regra que imp\u00f5e um teto para os gastos p\u00fablicos.<\/p>\n\n\n\n<p>Na manh\u00e3 desta quarta (4), em entrevista coletiva, Bolsonaro foi questionado se o governo poderia flexibilizar a regra e respondeu que &#8220;\u00e9 uma quest\u00e3o de matem\u00e1tica&#8221; j\u00e1 que as despesas obrigat\u00f3rias t\u00eam aumentado.<\/p>\n\n\n\n<p>No mesmo dia, no fim da tarde, Bolsonaro se reuniu com o ministro Paulo Guedes, no Minist\u00e9rio da Economia.<\/p>\n\n\n\n<p>De acordo com o colunista do G1 e da GloboNews Valdo Cruz, a equipe econ\u00f4mica do governo n\u00e3o quer mudar o mecanismo do teto, que coloca uma trava no crescimento das despesas p\u00fablicas.<\/p>\n\n\n\n<p>Na avalia\u00e7\u00e3o de assessores do ministro da Economia, Paulo Guedes, o ideal \u00e9 deixar que os gatilhos do teto sejam acionados, for\u00e7ando uma redu\u00e7\u00e3o de despesas do governo, inclusive obrigat\u00f3rias.<\/p>\n\n\n\n<p>A declara\u00e7\u00e3o gerou rea\u00e7\u00f5es no meio pol\u00edtico. O presidente da C\u00e2mara dos Deputados, Rodrigo Maia (DEM-RJ), afirmou ainda na quarta que o teto para os gastos p\u00fablicos \u00e9 &#8220;s\u00f3lido&#8221; e que revisar a norma para aumentar as despesas seria &#8220;besteira&#8221;.<\/p>\n\n\n\n<p>&#8220;Temos que preservar a emenda do teto. Devemos, sim, reduzir despesas, combater fraudes e desperd\u00edcios&#8221;, publicou Bolsonaro nesta quinta-feira.<\/p>\n\n\n\n<p>A regra, proposta pelo governo Michel Temer em 2016 e aprovada pelo Congresso, determina que os gastos da Uni\u00e3o (Executivo, Legislativo e Judici\u00e1rio) s\u00f3 poder\u00e3o crescer conforme a infla\u00e7\u00e3o dos 12 meses anteriores \u00e0 elabora\u00e7\u00e3o do Or\u00e7amento da Uni\u00e3o.<\/p>\n\n\n\n<p>Quando a C\u00e2mara votou a proposta que tratava do teto de gastos, Bolsonaro votou a favor do projeto.<\/p>\n\n\n\n<p><strong>Discuss\u00e3o no governo<\/strong><\/p>\n\n\n\n<p>Apesar de ser contra uma mudan\u00e7a no teto de gastos, a equipe do ministro da Economia, Paulo Guedes, avalia que pode ser obrigada a pelo menos discutir algum tipo de flexibiliza\u00e7\u00e3o no mecanismo.<\/p>\n\n\n\n<p>Uma das mudan\u00e7as poderia ser a permiss\u00e3o para corre\u00e7\u00e3o das despesas n\u00e3o s\u00f3 pela infla\u00e7\u00e3o, mas tamb\u00e9m pelo crescimento do PIB do ano anterior.<\/p>\n\n\n\n<p>Outra seria, por exemplo, retirar do c\u00e1lculo do teto as despesas previdenci\u00e1rias. Mas com o acionamento autom\u00e1tico dos gatilhos previstos no mecanismo.<\/p>\n","protected":false},"excerpt":{"rendered":"<p>O presidente Jair Bolsonaro afirmou nesta quinta-feira (5) em uma rede social ser preciso &#8220;preservar&#8221; a regra que imp\u00f5e um teto para os gastos p\u00fablicos.&hellip; <\/p>\n","protected":false},"author":1,"featured_media":111985,"comment_status":"closed","ping_status":"closed","sticky":false,"template":"","format":"standard","meta":{"sfsi_plus_gutenberg_text_before_share":"","sfsi_plus_gutenberg_show_text_before_share":"","sfsi_plus_gutenberg_icon_type":"","sfsi_plus_gutenberg_icon_alignemt":"","sfsi_plus_gutenburg_max_per_row":"","footnotes":""},"categories":[11],"tags":[],"class_list":["post-114343","post","type-post","status-publish","format-standard","has-post-thumbnail","hentry","category-politica"],"_links":{"self":[{"href":"https:\/\/www.caririemacao.com\/1\/wp-json\/wp\/v2\/posts\/114343","targetHints":{"allow":["GET"]}}],"collection":[{"href":"https:\/\/www.caririemacao.com\/1\/wp-json\/wp\/v2\/posts"}],"about":[{"href":"https:\/\/www.caririemacao.com\/1\/wp-json\/wp\/v2\/types\/post"}],"author":[{"embeddable":true,"href":"https:\/\/www.caririemacao.com\/1\/wp-json\/wp\/v2\/users\/1"}],"replies":[{"embeddable":true,"href":"https:\/\/www.caririemacao.com\/1\/wp-json\/wp\/v2\/comments?post=114343"}],"version-history":[{"count":1,"href":"https:\/\/www.caririemacao.com\/1\/wp-json\/wp\/v2\/posts\/114343\/revisions"}],"predecessor-version":[{"id":114344,"href":"https:\/\/www.caririemacao.com\/1\/wp-json\/wp\/v2\/posts\/114343\/revisions\/114344"}],"wp:featuredmedia":[{"embeddable":true,"href":"https:\/\/www.caririemacao.com\/1\/wp-json\/wp\/v2\/media\/111985"}],"wp:attachment":[{"href":"https:\/\/www.caririemacao.com\/1\/wp-json\/wp\/v2\/media?parent=114343"}],"wp:term":[{"taxonomy":"category","embeddable":true,"href":"https:\/\/www.caririemacao.com\/1\/wp-json\/wp\/v2\/categories?post=114343"},{"taxonomy":"post_tag","embeddable":true,"href":"https:\/\/www.caririemacao.com\/1\/wp-json\/wp\/v2\/tags?post=114343"}],"curies":[{"name":"wp","href":"https:\/\/api.w.org\/{rel}","templated":true}]}}