{"id":114347,"date":"2019-09-05T14:44:44","date_gmt":"2019-09-05T17:44:44","guid":{"rendered":"http:\/\/www.caririemacao.com\/1\/?p=114347"},"modified":"2019-09-05T14:44:44","modified_gmt":"2019-09-05T17:44:44","slug":"veneziano-chama-reforma-da-previdencia-de-caminho-tortuoso-e-pec-paralela-de-violencia-contra-o-povo","status":"publish","type":"post","link":"https:\/\/www.caririemacao.com\/1\/2019\/09\/05\/veneziano-chama-reforma-da-previdencia-de-caminho-tortuoso-e-pec-paralela-de-violencia-contra-o-povo\/","title":{"rendered":"Veneziano chama Reforma da Previd\u00eancia de &#8216;caminho tortuoso&#8217; e PEC paralela de &#8216;viol\u00eancia contra o povo&#8217;"},"content":{"rendered":"\n<p>O senador Veneziano Vital do R\u00eago (PSB) classificou a Reforma da Previd\u00eancia de &#8216;caminho tortuoso&#8217; e disse que vai lutar no Senado para que a mat\u00e9ria seja reprovado. A proposta avan\u00e7ou nessa quarta-feira (4) no Senado. O parlamentar tamb\u00e9m se posicionou contra a PEC paralela apresenta no Congresso, a qual disse ser uma viol\u00eancia contra o povo brasileiro. A Comiss\u00e3o de Constitui\u00e7\u00e3o e Justi\u00e7a (CCJ) do Senado aprovou o projeto, que, agora, segue para o plen\u00e1rio da Casa.<\/p>\n\n\n\n<p>Para o senador paraibano, h\u00e1 muitos pontos obscuros na proposta e o resultado disso pode ser um grande preju\u00edzo aos brasileiros. &#8220;N\u00f3s, o povo brasileiro n\u00e3o estamos sabendo praticamente nada a respeito dos efeitos que ser\u00e3o sentidos. Por isso, vamos continuar trabalhando nessa resist\u00eancia para tentar convencer os colegas que entrar nesse caminho tortuoso de acreditar que essa mat\u00e9ria vai&nbsp; mudar os rumos do Brasil&#8221;, falou em entrevista ao ClickPB.<\/p>\n\n\n\n<p>Segundo o Senador paraibano, os pontos que gerar\u00e3o perdas irrepar\u00e1veis aos trabalhadores devem ser corrigidos na proposta original, pois uma PEC paralela nada mais \u00e9 do que uma estrat\u00e9gia do governo para, ap\u00f3s aprova\u00e7\u00e3o da proposta original com todos os itens mal\u00e9ficos \u00e0 popula\u00e7\u00e3o, fazer um \u2018jogo\u2019 com a PEC Paralela que, entre o Senado e a C\u00e2mara dos Deputados, ir\u00e1 sendo levada at\u00e9 que seja esquecida.<\/p>\n\n\n\n<p>\u201cEu n\u00e3o me permitirei, com o respeito que tenho \u00e0 sociedade brasileira e, particularmente, ao povo que represento, da Para\u00edba, a acreditar, absolutamente, que esta PEC paralela consiga sair aqui do Sal\u00e3o Azul (Senado) para o Sal\u00e3o Verde (C\u00e2mara) e, l\u00e1, receber a acolhida em aprova\u00e7\u00e3o. Absolutamente. E n\u00f3s sabemos disso, n\u00e3o vamos nos enganar. E n\u00e3o nos enganemos apernas a n\u00f3s mesmos, mas n\u00f3s n\u00e3o temos o direito de enganar a quem est\u00e1 em casa, a quem se imagina a se dizer feliz por ter visto o voto do relator Tasso Jereissati, que remete \u00e0 PEC paralela as inclus\u00f5es do estados e munic\u00edpios. Isso n\u00e3o vai acontecer, nem brevemente\u201d, alertou Veneziano.<\/p>\n\n\n\n<p><strong>PEC paralela&nbsp; &nbsp; &nbsp; &nbsp; &nbsp; &nbsp;&nbsp;<\/strong><\/p>\n\n\n\n<p>Ao apresentar voto em separado, Veneziano citou os efeitos danosos da PEC origin\u00e1ria da C\u00e2mara dos Deputados e disse que aprovar uma PEC paralela \u00e9 uma viol\u00eancia sem tamanho ao povo brasileiro, pois ela n\u00e3o resolver\u00e1 os graves preju\u00edzos que o texto original vai gerar para as camadas mais sofridas da popula\u00e7\u00e3o.<br><\/p>\n\n\n\n<p>Segundo o Senador paraibano, os pontos que gerar\u00e3o perdas irrepar\u00e1veis aos trabalhadores devem ser corrigidos na proposta original, pois uma PEC paralela nada mais \u00e9 do que uma estrat\u00e9gia do governo para, ap\u00f3s aprova\u00e7\u00e3o da proposta original com todos os itens mal\u00e9ficos \u00e0 popula\u00e7\u00e3o, fazer um \u2018jogo\u2019 com a PEC Paralela que, entre o Senado e a C\u00e2mara dos Deputados, ir\u00e1 sendo levada at\u00e9 que seja esquecida.<\/p>\n","protected":false},"excerpt":{"rendered":"<p>O senador Veneziano Vital do R\u00eago (PSB) classificou a Reforma da Previd\u00eancia de &#8216;caminho tortuoso&#8217; e disse que vai lutar no Senado para que a&hellip; <\/p>\n","protected":false},"author":1,"featured_media":99568,"comment_status":"closed","ping_status":"closed","sticky":false,"template":"","format":"standard","meta":{"sfsi_plus_gutenberg_text_before_share":"","sfsi_plus_gutenberg_show_text_before_share":"","sfsi_plus_gutenberg_icon_type":"","sfsi_plus_gutenberg_icon_alignemt":"","sfsi_plus_gutenburg_max_per_row":"","footnotes":""},"categories":[11],"tags":[],"class_list":["post-114347","post","type-post","status-publish","format-standard","has-post-thumbnail","hentry","category-politica"],"_links":{"self":[{"href":"https:\/\/www.caririemacao.com\/1\/wp-json\/wp\/v2\/posts\/114347","targetHints":{"allow":["GET"]}}],"collection":[{"href":"https:\/\/www.caririemacao.com\/1\/wp-json\/wp\/v2\/posts"}],"about":[{"href":"https:\/\/www.caririemacao.com\/1\/wp-json\/wp\/v2\/types\/post"}],"author":[{"embeddable":true,"href":"https:\/\/www.caririemacao.com\/1\/wp-json\/wp\/v2\/users\/1"}],"replies":[{"embeddable":true,"href":"https:\/\/www.caririemacao.com\/1\/wp-json\/wp\/v2\/comments?post=114347"}],"version-history":[{"count":1,"href":"https:\/\/www.caririemacao.com\/1\/wp-json\/wp\/v2\/posts\/114347\/revisions"}],"predecessor-version":[{"id":114348,"href":"https:\/\/www.caririemacao.com\/1\/wp-json\/wp\/v2\/posts\/114347\/revisions\/114348"}],"wp:featuredmedia":[{"embeddable":true,"href":"https:\/\/www.caririemacao.com\/1\/wp-json\/wp\/v2\/media\/99568"}],"wp:attachment":[{"href":"https:\/\/www.caririemacao.com\/1\/wp-json\/wp\/v2\/media?parent=114347"}],"wp:term":[{"taxonomy":"category","embeddable":true,"href":"https:\/\/www.caririemacao.com\/1\/wp-json\/wp\/v2\/categories?post=114347"},{"taxonomy":"post_tag","embeddable":true,"href":"https:\/\/www.caririemacao.com\/1\/wp-json\/wp\/v2\/tags?post=114347"}],"curies":[{"name":"wp","href":"https:\/\/api.w.org\/{rel}","templated":true}]}}