{"id":114355,"date":"2019-09-05T14:50:18","date_gmt":"2019-09-05T17:50:18","guid":{"rendered":"http:\/\/www.caririemacao.com\/1\/?p=114355"},"modified":"2019-09-05T14:50:18","modified_gmt":"2019-09-05T17:50:18","slug":"fhc-considera-que-foi-um-erro-sergio-moro-deixar-a-magistratura","status":"publish","type":"post","link":"https:\/\/www.caririemacao.com\/1\/2019\/09\/05\/fhc-considera-que-foi-um-erro-sergio-moro-deixar-a-magistratura\/","title":{"rendered":"FHC considera que foi um erro S\u00e9rgio Moro deixar a magistratura"},"content":{"rendered":"\n<p>O ex-presidente Fernando Henrique Cardoso disse que se estivesse na situa\u00e7\u00e3o do ministro da justi\u00e7a Sergio Moro, se demitiria. Em entrevista a ao programa Conversa com Bial, da TV Globo, na madrugada desta quinta-feira (5), FHC afirmou considerar \u201cum erro ele [Moro] aceitar ser ministro\u201d, concordando com o senador Randolfe Rodrigues (Rede-AP), que tamb\u00e9m era entrevistado.<\/p>\n\n\n\n<p>O tucano disse que Moro n\u00e3o tem caracter\u00edsticas de um pol\u00edtico, e que \u201cdeveria aspirar ser ministro do Supremo Tribunal Federal (STF)\u201d.<\/p>\n\n\n\n<p>\u201cN\u00e3o sei o que ele deveria fazer, isso \u00e9 problema dele. [\u2026] Acho que ele aceitou [ser ministro da Justi\u00e7a] por motivos explic\u00e1veis, para evitar de tentarem abafar a Lava Jato, mas ele viu que as coisas s\u00e3o diferentes. Se eu fosse ele, eu estaria fora\u201d, disse FHC.<\/p>\n\n\n\n<p>Pedro Bial perguntou a Fernando Henrique sobre a mensagem vazada de Sergio Moro ao procurador Deltan Dallagnol, em que o atual ministro da Justi\u00e7a cita o ex-presidente e fala em evitar melindr\u00e1-lo. FHC respondeu que n\u00e3o foi melindrado, tanto que a investiga\u00e7\u00e3o sobre ele foi realizada.<\/p>\n\n\n\n<p>FHC disse que n\u00e3o foi consultado sobre a entrada de Alexandre Frota no PSDB e que considera um retrocesso a entrada do deputado nos quadros do partido. Sobre a exclus\u00e3o de membros do partido, tampouco foi consultado, afirmou, e apenas deu sua opini\u00e3o no Twitter.<\/p>\n\n\n\n<p>O ex-presidente disse que \u00e9 contra a privatiza\u00e7\u00e3o da Petrobras. Considera que a abertura do mercado \u2013 feito em seu governo -foi o suficiente para quebrar o monop\u00f3lio estatal.<\/p>\n\n\n\n<p>Perguntado sobre a oposi\u00e7\u00e3o ao governo atual, FHC respondeu que a \u201cm\u00eddia tradicional tem mostrado os equ\u00edvocos do atual governo\u201d, e deveria se preocupar em discutir o que \u201c\u00e9 importante para o pa\u00eds\u201d. Ap\u00f3s Bial perguntar novamente sobre a oposi\u00e7\u00e3o, da qual Randolfe Rodrigues \u00e9 representante, o ex-presidente disse que ela faz o seu papel, e que deve escolher quando se pronunciar.<\/p>\n\n\n\n<p>Rodrigues, por sua vez, respondeu que considera Fernando Henrique, presidente de honra do PSDB, muito mais progressista que o restante dos tucanos.<\/p>\n\n\n\n<p>O senador do Amap\u00e1 pela Rede, lembrou que no in\u00edcio da carreira, na juventude do Partido dos Trabalhadores (PT), gritou por muitas vezes \u201cfora FHC\u201d. Ao lado do ex-presidente tucano, mais de vinte anos depois do governo tucano, destacou que a estabilidade da moeda brasileira e a recupera\u00e7\u00e3o da economia brasileira foram alcan\u00e7adas no governo do PSDB.<br><\/p>\n","protected":false},"excerpt":{"rendered":"<p>O ex-presidente Fernando Henrique Cardoso disse que se estivesse na situa\u00e7\u00e3o do ministro da justi\u00e7a Sergio Moro, se demitiria. Em entrevista a ao programa Conversa&hellip; <\/p>\n","protected":false},"author":1,"featured_media":65538,"comment_status":"closed","ping_status":"closed","sticky":false,"template":"","format":"standard","meta":{"sfsi_plus_gutenberg_text_before_share":"","sfsi_plus_gutenberg_show_text_before_share":"","sfsi_plus_gutenberg_icon_type":"","sfsi_plus_gutenberg_icon_alignemt":"","sfsi_plus_gutenburg_max_per_row":"","footnotes":""},"categories":[11],"tags":[],"class_list":["post-114355","post","type-post","status-publish","format-standard","has-post-thumbnail","hentry","category-politica"],"_links":{"self":[{"href":"https:\/\/www.caririemacao.com\/1\/wp-json\/wp\/v2\/posts\/114355","targetHints":{"allow":["GET"]}}],"collection":[{"href":"https:\/\/www.caririemacao.com\/1\/wp-json\/wp\/v2\/posts"}],"about":[{"href":"https:\/\/www.caririemacao.com\/1\/wp-json\/wp\/v2\/types\/post"}],"author":[{"embeddable":true,"href":"https:\/\/www.caririemacao.com\/1\/wp-json\/wp\/v2\/users\/1"}],"replies":[{"embeddable":true,"href":"https:\/\/www.caririemacao.com\/1\/wp-json\/wp\/v2\/comments?post=114355"}],"version-history":[{"count":1,"href":"https:\/\/www.caririemacao.com\/1\/wp-json\/wp\/v2\/posts\/114355\/revisions"}],"predecessor-version":[{"id":114356,"href":"https:\/\/www.caririemacao.com\/1\/wp-json\/wp\/v2\/posts\/114355\/revisions\/114356"}],"wp:featuredmedia":[{"embeddable":true,"href":"https:\/\/www.caririemacao.com\/1\/wp-json\/wp\/v2\/media\/65538"}],"wp:attachment":[{"href":"https:\/\/www.caririemacao.com\/1\/wp-json\/wp\/v2\/media?parent=114355"}],"wp:term":[{"taxonomy":"category","embeddable":true,"href":"https:\/\/www.caririemacao.com\/1\/wp-json\/wp\/v2\/categories?post=114355"},{"taxonomy":"post_tag","embeddable":true,"href":"https:\/\/www.caririemacao.com\/1\/wp-json\/wp\/v2\/tags?post=114355"}],"curies":[{"name":"wp","href":"https:\/\/api.w.org\/{rel}","templated":true}]}}