{"id":114366,"date":"2019-09-05T22:04:56","date_gmt":"2019-09-06T01:04:56","guid":{"rendered":"http:\/\/www.caririemacao.com\/1\/?p=114366"},"modified":"2019-09-05T22:04:56","modified_gmt":"2019-09-06T01:04:56","slug":"em-reuniao-camara-destaca-programacao-da-festa-de-barreiras-de-caraubas-e-requerimento-do-deputado-adriano-galdino","status":"publish","type":"post","link":"https:\/\/www.caririemacao.com\/1\/2019\/09\/05\/em-reuniao-camara-destaca-programacao-da-festa-de-barreiras-de-caraubas-e-requerimento-do-deputado-adriano-galdino\/","title":{"rendered":"Em reuni\u00e3o, C\u00e2mara destaca programa\u00e7\u00e3o da Festa de Barreiras de Cara\u00fabas e requerimento do deputado Adriano Galdino"},"content":{"rendered":"\n<p>Os vereadores caraubenses estiveram reunidos na noite desta ter\u00e7a-feira,\ndia 03, para dar continuidade aos servi\u00e7os demandados pela popula\u00e7\u00e3o.<\/p>\n\n\n\n<p>Durante a sess\u00e3o, o presidente Jos\u00e9 Franconero (Nero)\njuntamente com os demais vereadores destacaram a programa\u00e7\u00e3o festiva do\ndistrito de Barreiras, realizada em entre os dias 22, 23 e 24 de agosto na\ncomunidade.<\/p>\n\n\n\n<p>O presidente tamb\u00e9m evidenciou o requerimento apresentado\npelo deputado estadual e presidente da Assembleia Legislativa da Para\u00edba,\nAdriano Galdino, que solicitou ao secret\u00e1rio de Estado de Infraestrutura, Meio Ambiente,\nRecursos H\u00eddricos e da Ci\u00eancia e Tecnologia (SEMARH), Deusdete Queiroga, a perfura\u00e7\u00e3o\nde po\u00e7os artesianos, para abastecimento de \u00e1gua pot\u00e1vel em Cara\u00fabas\/PB. Nero\ndisse que o deputado justificou o requerimento dizendo a propositura se\njustifica em decorr\u00eancia da forte estiagem na regi\u00e3o o que tem ocasionado\ntranstornos \u00e0 popula\u00e7\u00e3o local com a falta na d&#8217;\u00e1gua no munic\u00edpio. <\/p>\n\n\n\n<p>Nero acrescentou dizendo que a perfura\u00e7\u00e3o dos po\u00e7os, ir\u00e1 amenizar\nos problemas causados pela seca, beneficiando centenas de pessoas, assegurando\na popula\u00e7\u00e3o Cara\u00fabas, uma reserva de \u00e1gua pot\u00e1vel. <\/p>\n\n\n\n<p>No final, ele agradeceu a propositura apresentada pelo deputado\nestadual e presidente da Assembleia Legislativa da Para\u00edba, Adriano Galdino.<\/p>\n\n\n\n<p><a href=\"https:\/\/www.facebook.com\/pg\/CaririEmAcao\/photos\/?tab=album&amp;album_id=1639408386195178\">VEJA TODAS AS FOTOS. CLIQUE NESTE LINK.<\/a><\/p>\n","protected":false},"excerpt":{"rendered":"<p>Os vereadores caraubenses estiveram reunidos na noite desta ter\u00e7a-feira, dia 03, para dar continuidade aos servi\u00e7os demandados pela popula\u00e7\u00e3o. Durante a sess\u00e3o, o presidente Jos\u00e9&hellip; <\/p>\n","protected":false},"author":2,"featured_media":114367,"comment_status":"closed","ping_status":"closed","sticky":false,"template":"","format":"standard","meta":{"sfsi_plus_gutenberg_text_before_share":"","sfsi_plus_gutenberg_show_text_before_share":"","sfsi_plus_gutenberg_icon_type":"","sfsi_plus_gutenberg_icon_alignemt":"","sfsi_plus_gutenburg_max_per_row":"","footnotes":""},"categories":[50,2],"tags":[],"class_list":["post-114366","post","type-post","status-publish","format-standard","has-post-thumbnail","hentry","category-destaque","category-geral"],"_links":{"self":[{"href":"https:\/\/www.caririemacao.com\/1\/wp-json\/wp\/v2\/posts\/114366","targetHints":{"allow":["GET"]}}],"collection":[{"href":"https:\/\/www.caririemacao.com\/1\/wp-json\/wp\/v2\/posts"}],"about":[{"href":"https:\/\/www.caririemacao.com\/1\/wp-json\/wp\/v2\/types\/post"}],"author":[{"embeddable":true,"href":"https:\/\/www.caririemacao.com\/1\/wp-json\/wp\/v2\/users\/2"}],"replies":[{"embeddable":true,"href":"https:\/\/www.caririemacao.com\/1\/wp-json\/wp\/v2\/comments?post=114366"}],"version-history":[{"count":1,"href":"https:\/\/www.caririemacao.com\/1\/wp-json\/wp\/v2\/posts\/114366\/revisions"}],"predecessor-version":[{"id":114368,"href":"https:\/\/www.caririemacao.com\/1\/wp-json\/wp\/v2\/posts\/114366\/revisions\/114368"}],"wp:featuredmedia":[{"embeddable":true,"href":"https:\/\/www.caririemacao.com\/1\/wp-json\/wp\/v2\/media\/114367"}],"wp:attachment":[{"href":"https:\/\/www.caririemacao.com\/1\/wp-json\/wp\/v2\/media?parent=114366"}],"wp:term":[{"taxonomy":"category","embeddable":true,"href":"https:\/\/www.caririemacao.com\/1\/wp-json\/wp\/v2\/categories?post=114366"},{"taxonomy":"post_tag","embeddable":true,"href":"https:\/\/www.caririemacao.com\/1\/wp-json\/wp\/v2\/tags?post=114366"}],"curies":[{"name":"wp","href":"https:\/\/api.w.org\/{rel}","templated":true}]}}