{"id":114369,"date":"2019-09-05T22:12:00","date_gmt":"2019-09-06T01:12:00","guid":{"rendered":"http:\/\/www.caririemacao.com\/1\/?p=114369"},"modified":"2019-09-05T22:12:00","modified_gmt":"2019-09-06T01:12:00","slug":"vi-santifik-acontece-de-13-a-15-de-setembro-na-cidade-de-prata","status":"publish","type":"post","link":"https:\/\/www.caririemacao.com\/1\/2019\/09\/05\/vi-santifik-acontece-de-13-a-15-de-setembro-na-cidade-de-prata\/","title":{"rendered":"VI Santifik acontece de 13 a 15 de setembro na Cidade de Prata"},"content":{"rendered":"\n<p>A Par\u00f3quia de Nossa Senhora do Ros\u00e1rio com sede na cidade de\nPrata regi\u00e3o do Cariri Paraibano, realiza desde 2014 um evento denominado\n&#8220;Santifik&#8221;. Caracterizado como retiro aberto.<\/p>\n\n\n\n<p>O evento \u00e9 destinado a todos os fi\u00e9is que necessitam ter um\nencontro pessoal com o Senhor, por isso n\u00e3o h\u00e1 necessidade de inscrever-se nem\npagar para ter acesso ao retiro. A organiza\u00e7\u00e3o pede apenas que os participantes\nfa\u00e7a a doa\u00e7\u00e3o de 2 litros de refrigerantes que ser\u00e1 revertida em ajuda de\ncusteio das despesas. <\/p>\n\n\n\n<p>O retiro que se iniciou em 2014 com 456 fi\u00e9is tem crescido a\ncada ano, somente na edi\u00e7\u00e3o de 2018 o p\u00fablico circulante foi superior a 9 mil\npessoas consolidando-se assim em um dos maiores eventos religiosos da Para\u00edba.<\/p>\n\n\n\n<p>\u200bPara a organiza\u00e7\u00e3o do 6\u00ba Santifik est\u00e1 sendo esperado um\np\u00fablico circulante equivalente \u00e0 edi\u00e7\u00e3o anterior devido a confirma\u00e7\u00e3o de pregadores\nrenomados da TV Can\u00e7\u00e3o Nova de Cachoeira Paulista em S\u00e3o Paulo. Al\u00e9m do espa\u00e7o\ndo Santifik tamb\u00e9m ser\u00e1 realizado em local pr\u00f3ximo o &#8220;Santifikids&#8221;\ndestinado ao p\u00fablico infantil com prega\u00e7\u00f5es, ora\u00e7\u00f5es e brincadeiras visando\nassim evangelizar os pequenos.<\/p>\n\n\n\n<p><strong>\u200bAbaixo alguns dados\npara melhor divulga\u00e7\u00e3o,<\/strong><\/p>\n\n\n\n<p>Evento: 6\u00ba Santifik <\/p>\n\n\n\n<p>Tema: \u201cN\u00e3o h\u00e1 o que temer se Jesus est\u00e1.&#8221;<\/p>\n\n\n\n<p>Data: 13, 14 e 15 de setembro (in\u00edcio na sexta \u00e0s 18h30)<\/p>\n\n\n\n<p>Local: Gin\u00e1sio de Esportes da Escola Estadual Francisco de\nAssis Gonzaga &#8211; Prata, PB.<\/p>\n\n\n\n<p><strong>Pregadores: <\/strong><\/p>\n\n\n\n<ul class=\"wp-block-list\"><li>Rogerinha Moreira &#8211; Can\u00e7\u00e3o Nova, SP<\/li><li>Pe. Alu\u00edzio Ricardo &#8211; Can\u00e7\u00e3o Nova, PE<\/li><li>Pe. Fabr\u00edcio Dias &#8211; Dioc. Patos, PB<\/li><li>Renilson G\u00f3is &#8211; Can\u00e7\u00e3o Nova, PE<\/li><li>Bianca Campos &#8211; Can\u00e7\u00e3o Nova, PE<\/li><li>Pe. Eude Ara\u00fajo &#8211; Prata, PB<\/li><\/ul>\n\n\n\n<p><strong>Anima\u00e7\u00e3o: <\/strong><\/p>\n\n\n\n<ul class=\"wp-block-list\"><li>Minist\u00e9rio de M\u00fasica Casa Da Paz &#8211; Jo\u00e3o Pessoa,\nPB<\/li><li>Comunidade Marcas da Un\u00e7\u00e3o &#8211; Campina Grande, PB<\/li><\/ul>\n\n\n\n<p>Servi\u00e7os Disponibilizados: Restaurante, Lanchonete,\nLivrarias Cat\u00f3licas e Espa\u00e7o Kids.<\/p>\n\n\n\n<p>Para maiores informa\u00e7\u00f5es e aquisi\u00e7\u00e3o da camisa oficial do\nevento: (83) 3390 &#8211; 1070 ou pelo e-mail: paroquiapratapb@hotmail.com.br<\/p>\n\n\n\n<p>Em se tratando de entrevistas contatar o Padre Eude Ara\u00fajo\n(83) 99610-0647. <\/p>\n","protected":false},"excerpt":{"rendered":"<p>A Par\u00f3quia de Nossa Senhora do Ros\u00e1rio com sede na cidade de Prata regi\u00e3o do Cariri Paraibano, realiza desde 2014 um evento denominado &#8220;Santifik&#8221;. Caracterizado&hellip; <\/p>\n","protected":false},"author":2,"featured_media":114370,"comment_status":"closed","ping_status":"closed","sticky":false,"template":"","format":"standard","meta":{"sfsi_plus_gutenberg_text_before_share":"","sfsi_plus_gutenberg_show_text_before_share":"","sfsi_plus_gutenberg_icon_type":"","sfsi_plus_gutenberg_icon_alignemt":"","sfsi_plus_gutenburg_max_per_row":"","footnotes":""},"categories":[50,2],"tags":[],"class_list":["post-114369","post","type-post","status-publish","format-standard","has-post-thumbnail","hentry","category-destaque","category-geral"],"_links":{"self":[{"href":"https:\/\/www.caririemacao.com\/1\/wp-json\/wp\/v2\/posts\/114369","targetHints":{"allow":["GET"]}}],"collection":[{"href":"https:\/\/www.caririemacao.com\/1\/wp-json\/wp\/v2\/posts"}],"about":[{"href":"https:\/\/www.caririemacao.com\/1\/wp-json\/wp\/v2\/types\/post"}],"author":[{"embeddable":true,"href":"https:\/\/www.caririemacao.com\/1\/wp-json\/wp\/v2\/users\/2"}],"replies":[{"embeddable":true,"href":"https:\/\/www.caririemacao.com\/1\/wp-json\/wp\/v2\/comments?post=114369"}],"version-history":[{"count":1,"href":"https:\/\/www.caririemacao.com\/1\/wp-json\/wp\/v2\/posts\/114369\/revisions"}],"predecessor-version":[{"id":114371,"href":"https:\/\/www.caririemacao.com\/1\/wp-json\/wp\/v2\/posts\/114369\/revisions\/114371"}],"wp:featuredmedia":[{"embeddable":true,"href":"https:\/\/www.caririemacao.com\/1\/wp-json\/wp\/v2\/media\/114370"}],"wp:attachment":[{"href":"https:\/\/www.caririemacao.com\/1\/wp-json\/wp\/v2\/media?parent=114369"}],"wp:term":[{"taxonomy":"category","embeddable":true,"href":"https:\/\/www.caririemacao.com\/1\/wp-json\/wp\/v2\/categories?post=114369"},{"taxonomy":"post_tag","embeddable":true,"href":"https:\/\/www.caririemacao.com\/1\/wp-json\/wp\/v2\/tags?post=114369"}],"curies":[{"name":"wp","href":"https:\/\/api.w.org\/{rel}","templated":true}]}}