{"id":114372,"date":"2019-09-08T15:16:10","date_gmt":"2019-09-08T18:16:10","guid":{"rendered":"http:\/\/www.caririemacao.com\/1\/?p=114372"},"modified":"2019-09-08T15:16:10","modified_gmt":"2019-09-08T18:16:10","slug":"termina-apos-cinco-horas-cirurgia-de-bolsonaro","status":"publish","type":"post","link":"https:\/\/www.caririemacao.com\/1\/2019\/09\/08\/termina-apos-cinco-horas-cirurgia-de-bolsonaro\/","title":{"rendered":"Termina ap\u00f3s cinco horas cirurgia de Bolsonaro"},"content":{"rendered":"\n<p>A cirurgia para corre\u00e7\u00e3o de uma h\u00e9rnia incisional no abd\u00f4men do presidente Jair Bolsonaro terminou \u00e0s 12h40, de acordo com informa\u00e7\u00e3o do Pal\u00e1cio do Planalto, que n\u00e3o deu outros detalhes.<\/p>\n\n\n\n<p>Segundo informa\u00e7\u00f5es anteriores, a cirurgia, realizada em S\u00e3o Paulo neste domingo, havia come\u00e7ado \u00e0s 7h35 e deveria durar cerca de tr\u00eas horas. \u00c0 tarde, o porta-voz da Presid\u00eancia, general Ot\u00e1vio R\u00eago Barros, e os m\u00e9dicos Antonio Macedo e Leandro Echenique falar\u00e3o com jornalistas.<\/p>\n\n\n\n<p>Essa foi a quarta cirurgia que Bolsonaro, de 64 anos, precisou fazer na regi\u00e3o abdominal em fun\u00e7\u00e3o da facada que levou em setembro do ano passado, durante evento da campanha eleitoral na cidade mineira de Juiz de Fora.<\/p>\n\n\n\n<p>Logo ap\u00f3s o atentado, o ent\u00e3o candidato precisou passar por uma delicada cirurgia de emerg\u00eancia por conta de ferimentos nos intestinos grosso e delgado e em uma veia abdominal, ainda em um hospital da cidade mineira.&nbsp;Depois, Bolsonaro passou por uma segunda cirurgia para desobstru\u00e7\u00e3o intestinal, em S\u00e3o Paulo, onde tamb\u00e9m foi operado em janeiro deste ano, j\u00e1 como presidente, para retirada de uma bolsa de colostomia e reconstru\u00e7\u00e3o do trato intestinal.<\/p>\n\n\n\n<p>A cirurgia deste domingo foi para corre\u00e7\u00e3o de uma h\u00e9rnia incisional no abd\u00f4men devido a um enfraquecimento dos tecidos pelas tr\u00eas cirurgias anteriores na regi\u00e3o.<\/p>\n\n\n\n<p>Na noite de s\u00e1bado, o presidente Jair Bolsonaro se mostrou confiante sobre a nova cirurgia.<\/p>\n\n\n\n<p>&#8220;Um grande dia hoje! Vi nos olhos dos brasileiros o renascer da esperan\u00e7a de um futuro melhor para o Brasil&#8221;, disse ele no Twitter na noite de s\u00e1bado, depois de ter participado do desfile em comemora\u00e7\u00e3o do Dia da Independ\u00eancia em Bras\u00edlia.<\/p>\n\n\n\n<p>&#8220;Com a permiss\u00e3o de Deus, inspirados nesse sentimento, buscaremos juntos este objetivo! Sigo confiante para a pr\u00f3xima cirurgia. Que Deus nos aben\u00e7oe. Boa noite a todos&#8221;, acrescentou.<\/p>\n","protected":false},"excerpt":{"rendered":"<p>A cirurgia para corre\u00e7\u00e3o de uma h\u00e9rnia incisional no abd\u00f4men do presidente Jair Bolsonaro terminou \u00e0s 12h40, de acordo com informa\u00e7\u00e3o do Pal\u00e1cio do Planalto,&hellip; <\/p>\n","protected":false},"author":1,"featured_media":110902,"comment_status":"closed","ping_status":"closed","sticky":false,"template":"","format":"standard","meta":{"sfsi_plus_gutenberg_text_before_share":"","sfsi_plus_gutenberg_show_text_before_share":"","sfsi_plus_gutenberg_icon_type":"","sfsi_plus_gutenberg_icon_alignemt":"","sfsi_plus_gutenburg_max_per_row":"","footnotes":""},"categories":[50,11],"tags":[],"class_list":["post-114372","post","type-post","status-publish","format-standard","has-post-thumbnail","hentry","category-destaque","category-politica"],"_links":{"self":[{"href":"https:\/\/www.caririemacao.com\/1\/wp-json\/wp\/v2\/posts\/114372","targetHints":{"allow":["GET"]}}],"collection":[{"href":"https:\/\/www.caririemacao.com\/1\/wp-json\/wp\/v2\/posts"}],"about":[{"href":"https:\/\/www.caririemacao.com\/1\/wp-json\/wp\/v2\/types\/post"}],"author":[{"embeddable":true,"href":"https:\/\/www.caririemacao.com\/1\/wp-json\/wp\/v2\/users\/1"}],"replies":[{"embeddable":true,"href":"https:\/\/www.caririemacao.com\/1\/wp-json\/wp\/v2\/comments?post=114372"}],"version-history":[{"count":1,"href":"https:\/\/www.caririemacao.com\/1\/wp-json\/wp\/v2\/posts\/114372\/revisions"}],"predecessor-version":[{"id":114373,"href":"https:\/\/www.caririemacao.com\/1\/wp-json\/wp\/v2\/posts\/114372\/revisions\/114373"}],"wp:featuredmedia":[{"embeddable":true,"href":"https:\/\/www.caririemacao.com\/1\/wp-json\/wp\/v2\/media\/110902"}],"wp:attachment":[{"href":"https:\/\/www.caririemacao.com\/1\/wp-json\/wp\/v2\/media?parent=114372"}],"wp:term":[{"taxonomy":"category","embeddable":true,"href":"https:\/\/www.caririemacao.com\/1\/wp-json\/wp\/v2\/categories?post=114372"},{"taxonomy":"post_tag","embeddable":true,"href":"https:\/\/www.caririemacao.com\/1\/wp-json\/wp\/v2\/tags?post=114372"}],"curies":[{"name":"wp","href":"https:\/\/api.w.org\/{rel}","templated":true}]}}