{"id":114376,"date":"2019-09-08T15:18:34","date_gmt":"2019-09-08T18:18:34","guid":{"rendered":"http:\/\/www.caririemacao.com\/1\/?p=114376"},"modified":"2019-09-08T15:18:34","modified_gmt":"2019-09-08T18:18:34","slug":"jogo-no-amigao-entre-sport-pb-e-queimadense-e-cancelado-por-falta-de-ambulancia","status":"publish","type":"post","link":"https:\/\/www.caririemacao.com\/1\/2019\/09\/08\/jogo-no-amigao-entre-sport-pb-e-queimadense-e-cancelado-por-falta-de-ambulancia\/","title":{"rendered":"Jogo no Amig\u00e3o entre Sport-PB e Queimadense \u00e9 cancelado por falta de ambul\u00e2ncia"},"content":{"rendered":"\n<p><br>Queimadense e Sport-PB tinham encontro marcado para as 11h deste domingo, no Amig\u00e3o, em jogo v\u00e1lido pela terceira rodada do Grupo Agreste\/Sert\u00e3o da 2\u00aa divis\u00e3o do Campeonato Paraibano. Mas a Queimadense, mandante da partida, n\u00e3o providenciou a ambul\u00e2ncia, que \u00e9 obrigat\u00f3ria para a realiza\u00e7\u00e3o de jogos oficiais. A equipe de arbitragem e os dois times foram a campo. O \u00e1rbitro Tiago Ramos esperou 30 minutos no gramado e 30 minutos no vesti\u00e1rio. Como o problema n\u00e3o foi resolvido, ele confirmou o cancelamento do jogo.<\/p>\n\n\n\n<p>Como o regulamento prev\u00ea que a disponibilidade de uma ambul\u00e2ncia \u00e9 de responsabilidade do clube mandante, a Federa\u00e7\u00e3o Paraibana de Futebol (FPF) j\u00e1 adiantou que o Sport-PB deve ser declarado vencedor por WO. O diretor executivo da FPF, Otamar Almeida explicou que, como a Queimadense n\u00e3o providenciou a ambul\u00e2ncia, deve sair mesmo derrotado por 3 a 0, que \u00e9 o placar-padr\u00e3o de WO. O diretor de competi\u00e7\u00f5es da FPF, Gustavo Trindade, confirmou que esse resultado deve ser registrado nesta segunda-feira.<\/p>\n\n\n\n<p>At\u00e9 antes de come\u00e7ar esta rodada, Queimadense e Sport-PB estavam empatados na lideran\u00e7a, ambos com seis pontos e 100% de aproveitamento, mas com o Carneiro \u00e0 frente por ter mais gols marcados. Em se confirmando esse WO, o time de Lagoa Seca vai chegar a nove pontos e pode at\u00e9 garantir a classifica\u00e7\u00e3o por antecipa\u00e7\u00e3o.&nbsp;<\/p>\n\n\n\n<p>Enquanto isso, o Carcar\u00e1 vai seguir com seis pontos, ainda no G-2, j\u00e1 que, pelo menos nesta rodada, nenhum time que est\u00e1 atr\u00e1s vai conseguir ultrapass\u00e1-la.<\/p>\n","protected":false},"excerpt":{"rendered":"<p>Queimadense e Sport-PB tinham encontro marcado para as 11h deste domingo, no Amig\u00e3o, em jogo v\u00e1lido pela terceira rodada do Grupo Agreste\/Sert\u00e3o da 2\u00aa divis\u00e3o&hellip; <\/p>\n","protected":false},"author":1,"featured_media":114377,"comment_status":"closed","ping_status":"closed","sticky":false,"template":"","format":"standard","meta":{"sfsi_plus_gutenberg_text_before_share":"","sfsi_plus_gutenberg_show_text_before_share":"","sfsi_plus_gutenberg_icon_type":"","sfsi_plus_gutenberg_icon_alignemt":"","sfsi_plus_gutenburg_max_per_row":"","footnotes":""},"categories":[13],"tags":[],"class_list":["post-114376","post","type-post","status-publish","format-standard","has-post-thumbnail","hentry","category-esportes"],"_links":{"self":[{"href":"https:\/\/www.caririemacao.com\/1\/wp-json\/wp\/v2\/posts\/114376","targetHints":{"allow":["GET"]}}],"collection":[{"href":"https:\/\/www.caririemacao.com\/1\/wp-json\/wp\/v2\/posts"}],"about":[{"href":"https:\/\/www.caririemacao.com\/1\/wp-json\/wp\/v2\/types\/post"}],"author":[{"embeddable":true,"href":"https:\/\/www.caririemacao.com\/1\/wp-json\/wp\/v2\/users\/1"}],"replies":[{"embeddable":true,"href":"https:\/\/www.caririemacao.com\/1\/wp-json\/wp\/v2\/comments?post=114376"}],"version-history":[{"count":1,"href":"https:\/\/www.caririemacao.com\/1\/wp-json\/wp\/v2\/posts\/114376\/revisions"}],"predecessor-version":[{"id":114378,"href":"https:\/\/www.caririemacao.com\/1\/wp-json\/wp\/v2\/posts\/114376\/revisions\/114378"}],"wp:featuredmedia":[{"embeddable":true,"href":"https:\/\/www.caririemacao.com\/1\/wp-json\/wp\/v2\/media\/114377"}],"wp:attachment":[{"href":"https:\/\/www.caririemacao.com\/1\/wp-json\/wp\/v2\/media?parent=114376"}],"wp:term":[{"taxonomy":"category","embeddable":true,"href":"https:\/\/www.caririemacao.com\/1\/wp-json\/wp\/v2\/categories?post=114376"},{"taxonomy":"post_tag","embeddable":true,"href":"https:\/\/www.caririemacao.com\/1\/wp-json\/wp\/v2\/tags?post=114376"}],"curies":[{"name":"wp","href":"https:\/\/api.w.org\/{rel}","templated":true}]}}