{"id":114385,"date":"2019-09-08T15:24:57","date_gmt":"2019-09-08T18:24:57","guid":{"rendered":"http:\/\/www.caririemacao.com\/1\/?p=114385"},"modified":"2019-09-08T15:24:57","modified_gmt":"2019-09-08T18:24:57","slug":"com-corte-nas-universidades-federais-salas-de-aula-ficam-sem-luz","status":"publish","type":"post","link":"https:\/\/www.caririemacao.com\/1\/2019\/09\/08\/com-corte-nas-universidades-federais-salas-de-aula-ficam-sem-luz\/","title":{"rendered":"Com corte nas universidades federais, salas de aula ficam sem luz"},"content":{"rendered":"\n<p>Uma professora em Minas Gerais compra camundongos com o pr\u00f3prio dinheiro para n\u00e3o afetar sua pesquisa. O almo\u00e7o no bandej\u00e3o em Santa Catarina cortou o bife e o substituiu por picadinho de carne.<\/p>\n\n\n\n<p>Estudantes da Bahia tiveram aulas canceladas em duas noites por falta de vigias. Em Mato Grosso, ficaram no escuro por um dia porque a energia foi cortada. Sob temperaturas de mais de 35\u00b0C, salas de Pernambuco e do sul baiano est\u00e3o sem ar condicionado.<\/p>\n\n\n\n<p>Os bloqueios de at\u00e9 44% na verba de custeio das universidades federais pelo governo Jair Bolsonaro (PSL) neste ano j\u00e1 afetam a rotina de aulas e pesquisas.<\/p>\n\n\n\n<p>Procurado, o Minist\u00e9rio da Educa\u00e7\u00e3o disse ter liberado na \u00faltima segunda-feira (2) R$ 614,4 milh\u00f5es de limite de empenho e afirma que articula com o Minist\u00e9rio da Economia ampliar os repasses.<\/p>\n\n\n\n<p>Em Florian\u00f3polis, mesmo que o pre\u00e7o da refei\u00e7\u00e3o tenha sido mantido em R$ 1,50, a crise aparece no prato do restaurante universit\u00e1rio da UFSC.<\/p>\n\n\n\n<p>O estoque de alimentos diminuiu. O bife foi trocado por picadinho de carne; o frango, antes fil\u00e9, agora vem desfiado. Ervilha e lentilha sumiram. Antes com frutas variadas, agora a sobremesa tem banana e laranja.<\/p>\n\n\n\n<p>Desde agosto a crise afeta o card\u00e1pio do restaurante, aberto em 1965. Situa\u00e7\u00e3o similar vivem os demais campi \u2013Ararangu\u00e1, Curitibanos, Joinville e Blumenau.<\/p>\n\n\n\n<p>Os espa\u00e7os correm o risco de fechar at\u00e9 o final do ano, segundo a reitoria, em raz\u00e3o dos cortes no or\u00e7amento.<\/p>\n\n\n\n<p>Os estudantes est\u00e3o apreensivos. Alicia Lopes Prudencio, 21, aluna de artes c\u00eanicas, n\u00e3o paga pelas refei\u00e7\u00f5es, pois se enquadra no perfil socioecon\u00f4mico que tem gratuidade.<\/p>\n\n\n\n<p>\u201cSou uma dos muitos que sobrevivem com o que comem no RU. Temos que dar conta das nossas vidas, estudos, pagar contas. Falar sobre isso me d\u00e1 at\u00e9 um n\u00f3 na garganta. Imagina os estudantes n\u00e3o terem o que comer?\u201d<\/p>\n\n\n\n<p>Segundo a Administra\u00e7\u00e3o Central da UFSC, 80% da verba dispon\u00edvel j\u00e1 foi gasta, e o que sobrou pode n\u00e3o ser suficiente para pagar nem \u00e1gua, luz, seguran\u00e7a e limpeza.<\/p>\n\n\n\n<p>Uma das sa\u00eddas propostas foi vetar que 12 mil pessoas usem o espa\u00e7o e deixar o restaurante s\u00f3 para os 3.000 alunos que comem gratuitamente -aqueles com renda bruta mensal de at\u00e9 1,5 sal\u00e1rio m\u00ednimo.<\/p>\n\n\n\n<p>Ap\u00f3s rea\u00e7\u00e3o negativa, a medida foi descartada nesta semana. \u201cVamos manter o RU aberto at\u00e9 acabar o dinheiro. Acabando, o restaurante fecha, a universidade fecha\u201d, afirmou o reitor Ubaldo Cesar Baltazar.<\/p>\n\n\n\n<p>Tamb\u00e9m foi cancelado o maior evento de divulga\u00e7\u00e3o cient\u00edfica de Santa Catarina, a Sepex (Semana de Ensino Pesquisa e Extens\u00e3o) -pela primeira vez desde que foi criado, em 2001.<\/p>\n\n\n\n<p>Em Minas, a professora Ang\u00e9lica Thomaz Vieira, 37, decidiu comprar com os pr\u00f3prios recursos camundongos e insumos para n\u00e3o afetar o laborat\u00f3rio de Microbiota e Imunomodula\u00e7\u00e3o na UFMG.<\/p>\n\n\n\n<p>Ela aplicou o local os R$ 50 mil que recebeu no pr\u00eamio Para Mulheres na Ci\u00eancia, promovido por L\u2019Or\u00e9al Brasil, Unesco e Academia Brasileira de Ci\u00eancia.<\/p>\n\n\n\n<p>\u201cA gente est\u00e1 lutando contra a mar\u00e9. J\u00e1 tive tr\u00eas alunos que desistiram pela instabilidade, pela inseguran\u00e7a, pela falta de perspectiva\u201d, conta.<\/p>\n\n\n\n<p>Na UFMG, alunos e docentes contam que a limpeza se limita basicamente a retirar o lixo. J\u00e1 a impress\u00e3o de provas passou a ter cota. Uma das linhas de \u00f4nibus internas foi suspensa.<\/p>\n\n\n\n<p>A p\u00f3s-doutoranda Juliana Vago, 35, primeira colocada para uma bolsa Capes entre 18 candidatos, soube poucos dias depois da boa not\u00edcia que teve a vaga cortada. Foi uma das 5.613 bolsas novas congeladas pelo governo no dia 2.<\/p>\n\n\n\n<p>Seria uma alternativa para ela, j\u00e1 que o aux\u00edlio pelo CNPq, conquistado em abril, pode deixar de ser pago a partir do pr\u00f3ximo m\u00eas. \u201cAgora n\u00e3o sei como fa\u00e7o. N\u00e3o tenho perspectiva de continuar o trabalho no Brasil.\u201d<\/p>\n\n\n\n<p>H\u00e1 cerca de tr\u00eas anos, foi uma bolsa da Capes que permitiu ao nigeriano Seci Elijah Elasoru, 40, pesquisar problemas cardiovasculares.<\/p>\n\n\n\n<p>Ele teme perder o aux\u00edlio em 2020 -parte dos R$ 2.200 que recebe como doutorando ele manda para a mulher e o filho de tr\u00eas anos que ficaram na \u00c1frica. \u201cEstou mais que preocupado, sabe? \u00c9 como se eu tivesse tudo a perder.\u201d<\/p>\n\n\n\n<p>Em Porto Alegre, o retrato da crise na UFRGS, a melhor federal do pa\u00eds pelo \u00cdndice Geral de Cursos (IGC) do MEC, pode ser resumido em um calend\u00e1rio. Dos doze meses, tr\u00eas meses e meio podem ser marcados em vermelho: s\u00e3o os sem verba nenhuma.<\/p>\n\n\n\n<p>Pior: o bloqueio atual vem em um or\u00e7amento j\u00e1 em ritmo de redu\u00e7\u00e3o nos \u00faltimos anos, diz H\u00e9lio Henkin, pr\u00f3-reitor de Planejamento e Administra\u00e7\u00e3o da UFRGS.<\/p>\n\n\n\n<p>\u201cJ\u00e1 cortamos as gorduras em 2017, a carne em 2018 e agora qualquer corte adicional \u00e9 corte no osso. Essa \u00e9 a nossa situa\u00e7\u00e3o.\u201d<\/p>\n\n\n\n<p>Contas de luz est\u00e3o atrasadas e cerca de 300 funcion\u00e1rios terceirizados de vigil\u00e2ncia e limpeza j\u00e1 foram dispensados.<\/p>\n\n\n\n<p>Se o ritmo se mantiver, ser\u00e3o afetadas as compras de software para computadores usados pelos alunos, materiais did\u00e1ticos b\u00e1sicos e at\u00e9 reagentes para laborat\u00f3rios.<\/p>\n\n\n\n<p>No Rio, os efeitos na UFRJ nos estacionamentos e jardins passar\u00e3o a ser vis\u00edveis a partir desta segunda (9). Os ve\u00edculos oficiais v\u00e3o ser racionados e o contrato de servi\u00e7os de manuten\u00e7\u00e3o da \u00e1rea externa ser\u00e1 suspenso, sem prazo para um novo.<\/p>\n\n\n\n<p>Os \u00f4nibus internos passar\u00e3o por nova licita\u00e7\u00e3o \u201cpara atender \u00e0 nova conjuntura or\u00e7ament\u00e1ria\u201d, mas a universidade promete que isso n\u00e3o vai prejudicar o transporte.<\/p>\n\n\n\n<p>Os funcion\u00e1rios em cargos de chefia ter\u00e3o que devolver celulares. As viagens internacionais para congressos, por exemplo, chegaram ao fim, e as nacionais foram limitadas.<\/p>\n\n\n\n<p>O dinheiro dispon\u00edvel para bolsas de extens\u00e3o s\u00f3 vai dar at\u00e9 dezembro e, no quadro de funcion\u00e1rios, haver\u00e1 um corte na equipe de auxiliares de processamento de dados.<\/p>\n\n\n\n<p>Na UFF, servi\u00e7os como seguran\u00e7a e limpeza, que j\u00e1 vinham ruins, se agravaram: cerca de 400 terceirizados sa\u00edram at\u00e9 agosto, e mais 290 devem ser dispensados.<\/p>\n\n\n\n<p>Na Bahia, a falta de repasses a servi\u00e7os e fornecedores levou vigias da UFBA a fazer paralisa\u00e7\u00e3o por dois dias, afetando aulas noturnas -eles voltaram ap\u00f3s acordo.<\/p>\n\n\n\n<p>\u201cFicamos numa situa\u00e7\u00e3o vulner\u00e1vel porque o campus fica muito deserto \u00e0 noite. N\u00e3o arriscaria vir sem os vigilantes\u201d, diz Luine Santos, 22, aluna de biologia. A limpeza tamb\u00e9m foi reduzida.<\/p>\n\n\n\n<p>Em nota, a universidade criticou os cortes e afirmou que eles afetam o exerc\u00edcio pleno das suas atividades e prejudicam os trabalhadores.<\/p>\n\n\n\n<p>A federal do Sul da Bahia, com bloqueio de 36% de 14,6 milh\u00f5es, desligou o ar condicionado e cortou viagens acad\u00eamicas e a compra de materiais de laborat\u00f3rio.<\/p>\n\n\n\n<p>Tamb\u00e9m est\u00e3o sem ar condicionado salas de Recife, Vit\u00f3ria do Santo Ant\u00e3o e Caruaru, da UFPE. No m\u00eas passado, a federal recebeu R$ 8 milh\u00f5es de R$ 14,3 milh\u00f5es previstos.<\/p>\n\n\n\n<p>Na UFMT, em 16 de julho, houve corte de energia em cinco campi -Cuiab\u00e1, V\u00e1rzea Grande, Araguaia, Rondon\u00f3polis e Sinop\u201d\u201d e na Base de Pesquisa do Pantanal. Ap\u00f3s verba liberada pelo MEC, a energia foi retomada.<\/p>\n\n\n\n<p>No Paran\u00e1, compra de itens de laborat\u00f3rio e atividades externas foram afetadas na UFPR -sem verbas, contratos de limpeza e vigil\u00e2ncia, al\u00e9m de contas de \u00e1gua e luz, ser\u00e3o afetados j\u00e1 no pr\u00f3ximo m\u00eas.<\/p>\n\n\n\n<p>OUTRO LADO<br>O Minist\u00e9rio da Educa\u00e7\u00e3o informa que fez repasses na \u00faltima semana e que tenta com a pasta da Economia aumentar a libera\u00e7\u00e3o de verba para as universidades federais.<\/p>\n\n\n\n<p>Em nota, a pasta diz que, para manter o funcionamento e autonomia das federais, liberou na \u00faltima segunda-feira (2) R$ 614,4 milh\u00f5es de limite de empenho.<\/p>\n\n\n\n<p>Os recursos ser\u00e3o destinados a 115 institutos e universidades federais de todo o pa\u00eds e ser\u00e3o aplicados na manuten\u00e7\u00e3o e custeio, com prioridade para despesas com \u00e1gua, energia el\u00e9trica, vigil\u00e2ncia, limpeza, terceirizados em geral e alugu\u00e9is, bem como para assist\u00eancia estudantil e funcionamento de restaurantes universit\u00e1rios.<\/p>\n\n\n\n<p>A maior parte dos valores, R$ 376,7 milh\u00f5es, segundo a nota, foi repassado \u00e0s universidades federais. J\u00e1 a rede federal de educa\u00e7\u00e3o profissional, cient\u00edfica e tecnol\u00f3gica recebeu R$ 162 milh\u00f5es.<\/p>\n\n\n\n<p>\u201cNa expectativa de uma evolu\u00e7\u00e3o positiva nos indicadores fiscais do governo, o MEC vem articulando com o Minist\u00e9rio da Economia a possibilidade de amplia\u00e7\u00e3o dos limites de empenho e movimenta\u00e7\u00e3o financeira a fim de cumprir todas as metas estabelecidas na legisla\u00e7\u00e3o para a pasta\u201d, diz a nota.<\/p>\n\n\n\n<p>Ainda segundo o minist\u00e9rio, caso o cen\u00e1rio econ\u00f4mico apresente evolu\u00e7\u00e3o positiva neste segundo semestre, \u201cos valores bloqueados ser\u00e3o reavaliados\u201d.<\/p>\n","protected":false},"excerpt":{"rendered":"<p>Uma professora em Minas Gerais compra camundongos com o pr\u00f3prio dinheiro para n\u00e3o afetar sua pesquisa. O almo\u00e7o no bandej\u00e3o em Santa Catarina cortou o&hellip; <\/p>\n","protected":false},"author":1,"featured_media":114386,"comment_status":"closed","ping_status":"closed","sticky":false,"template":"","format":"standard","meta":{"sfsi_plus_gutenberg_text_before_share":"","sfsi_plus_gutenberg_show_text_before_share":"","sfsi_plus_gutenberg_icon_type":"","sfsi_plus_gutenberg_icon_alignemt":"","sfsi_plus_gutenburg_max_per_row":"","footnotes":""},"categories":[50,14],"tags":[],"class_list":["post-114385","post","type-post","status-publish","format-standard","has-post-thumbnail","hentry","category-destaque","category-educacao"],"_links":{"self":[{"href":"https:\/\/www.caririemacao.com\/1\/wp-json\/wp\/v2\/posts\/114385","targetHints":{"allow":["GET"]}}],"collection":[{"href":"https:\/\/www.caririemacao.com\/1\/wp-json\/wp\/v2\/posts"}],"about":[{"href":"https:\/\/www.caririemacao.com\/1\/wp-json\/wp\/v2\/types\/post"}],"author":[{"embeddable":true,"href":"https:\/\/www.caririemacao.com\/1\/wp-json\/wp\/v2\/users\/1"}],"replies":[{"embeddable":true,"href":"https:\/\/www.caririemacao.com\/1\/wp-json\/wp\/v2\/comments?post=114385"}],"version-history":[{"count":1,"href":"https:\/\/www.caririemacao.com\/1\/wp-json\/wp\/v2\/posts\/114385\/revisions"}],"predecessor-version":[{"id":114387,"href":"https:\/\/www.caririemacao.com\/1\/wp-json\/wp\/v2\/posts\/114385\/revisions\/114387"}],"wp:featuredmedia":[{"embeddable":true,"href":"https:\/\/www.caririemacao.com\/1\/wp-json\/wp\/v2\/media\/114386"}],"wp:attachment":[{"href":"https:\/\/www.caririemacao.com\/1\/wp-json\/wp\/v2\/media?parent=114385"}],"wp:term":[{"taxonomy":"category","embeddable":true,"href":"https:\/\/www.caririemacao.com\/1\/wp-json\/wp\/v2\/categories?post=114385"},{"taxonomy":"post_tag","embeddable":true,"href":"https:\/\/www.caririemacao.com\/1\/wp-json\/wp\/v2\/tags?post=114385"}],"curies":[{"name":"wp","href":"https:\/\/api.w.org\/{rel}","templated":true}]}}