{"id":114394,"date":"2019-09-08T15:38:46","date_gmt":"2019-09-08T18:38:46","guid":{"rendered":"http:\/\/www.caririemacao.com\/1\/?p=114394"},"modified":"2019-09-08T15:38:46","modified_gmt":"2019-09-08T18:38:46","slug":"toffoli-suspende-decisao-sobre-apreensao-de-livro","status":"publish","type":"post","link":"https:\/\/www.caririemacao.com\/1\/2019\/09\/08\/toffoli-suspende-decisao-sobre-apreensao-de-livro\/","title":{"rendered":"Toffoli suspende decis\u00e3o sobre apreens\u00e3o de livro"},"content":{"rendered":"\n<p>o presidente do Supremo Tribunal Federal (STF), Dias Toffoli, suspendeu neste domingo (8) a decis\u00e3o judicial proferida pelo presidente do Tribunal de Justi\u00e7a do Rio de Janeiro, o desembargador Cl\u00e1udio Mello Tavares, que autorizava o recolhimento de livros com tem\u00e1tica LGBT na Bienal do Livro, que acontece no Rio de Janeiro.<\/p>\n\n\n\n<p>A decis\u00e3o aconteceu ap\u00f3s pedido da procuradora-geral da Rep\u00fablica, Raquel Dodge, alegando que a resolu\u00e7\u00e3o feria a Constitui\u00e7\u00e3o de 1988.&nbsp; \u201cFere frontalmente a igualdade, a liberdade de express\u00e3o art\u00edstica e o direito \u00e0 informa\u00e7\u00e3o, que s\u00e3o valorizados intensamente pela Constitui\u00e7\u00e3o de 1988, pelos tratados internacionais de direitos humanos ratificados pelo Brasil e, inclusive, por diversos precedentes do egr\u00e9gio Supremo Tribunal Federal\u201d, escreveu Dodge.<\/p>\n\n\n\n<p>A obra em quest\u00e3o se trata de uma revista em quadrinhos dos Vingadores \u2013 A cruzada das crian\u00e7as, que ilustra um beijo entre dois her\u00f3is homens.<\/p>\n\n\n\n<p>Tofolli decidiu suspender a decis\u00e3o do desembargador: \u201cPelo exposto, defiro a liminar, para conceder a suspens\u00e3o da decis\u00e3o da Presid\u00eancia do TJRJ, nos autos da Suspens\u00e3o de Seguran\u00e7a no 0056881-31.2019.8.19.0000, a qual havia suspendido a decis\u00e3o do Desembargador Heleno Ribeiro Pereira Nunes, nos autos do mandado de seguran\u00e7a de mesmo n\u00famero\u201d.<\/p>\n\n\n\n<p><strong>MaisPB<\/strong><\/p>\n","protected":false},"excerpt":{"rendered":"<p>o presidente do Supremo Tribunal Federal (STF), Dias Toffoli, suspendeu neste domingo (8) a decis\u00e3o judicial proferida pelo presidente do Tribunal de Justi\u00e7a do Rio&hellip; <\/p>\n","protected":false},"author":1,"featured_media":95955,"comment_status":"closed","ping_status":"closed","sticky":false,"template":"","format":"standard","meta":{"sfsi_plus_gutenberg_text_before_share":"","sfsi_plus_gutenberg_show_text_before_share":"","sfsi_plus_gutenberg_icon_type":"","sfsi_plus_gutenberg_icon_alignemt":"","sfsi_plus_gutenburg_max_per_row":"","footnotes":""},"categories":[11],"tags":[],"class_list":["post-114394","post","type-post","status-publish","format-standard","has-post-thumbnail","hentry","category-politica"],"_links":{"self":[{"href":"https:\/\/www.caririemacao.com\/1\/wp-json\/wp\/v2\/posts\/114394","targetHints":{"allow":["GET"]}}],"collection":[{"href":"https:\/\/www.caririemacao.com\/1\/wp-json\/wp\/v2\/posts"}],"about":[{"href":"https:\/\/www.caririemacao.com\/1\/wp-json\/wp\/v2\/types\/post"}],"author":[{"embeddable":true,"href":"https:\/\/www.caririemacao.com\/1\/wp-json\/wp\/v2\/users\/1"}],"replies":[{"embeddable":true,"href":"https:\/\/www.caririemacao.com\/1\/wp-json\/wp\/v2\/comments?post=114394"}],"version-history":[{"count":1,"href":"https:\/\/www.caririemacao.com\/1\/wp-json\/wp\/v2\/posts\/114394\/revisions"}],"predecessor-version":[{"id":114396,"href":"https:\/\/www.caririemacao.com\/1\/wp-json\/wp\/v2\/posts\/114394\/revisions\/114396"}],"wp:featuredmedia":[{"embeddable":true,"href":"https:\/\/www.caririemacao.com\/1\/wp-json\/wp\/v2\/media\/95955"}],"wp:attachment":[{"href":"https:\/\/www.caririemacao.com\/1\/wp-json\/wp\/v2\/media?parent=114394"}],"wp:term":[{"taxonomy":"category","embeddable":true,"href":"https:\/\/www.caririemacao.com\/1\/wp-json\/wp\/v2\/categories?post=114394"},{"taxonomy":"post_tag","embeddable":true,"href":"https:\/\/www.caririemacao.com\/1\/wp-json\/wp\/v2\/tags?post=114394"}],"curies":[{"name":"wp","href":"https:\/\/api.w.org\/{rel}","templated":true}]}}