{"id":114404,"date":"2019-09-08T15:47:54","date_gmt":"2019-09-08T18:47:54","guid":{"rendered":"http:\/\/www.caririemacao.com\/1\/?p=114404"},"modified":"2019-09-08T15:47:54","modified_gmt":"2019-09-08T18:47:54","slug":"crianca-de-seis-anos-cai-de-onibus-escolar-e-morre-atropelada-em-cidade-da-paraiba","status":"publish","type":"post","link":"https:\/\/www.caririemacao.com\/1\/2019\/09\/08\/crianca-de-seis-anos-cai-de-onibus-escolar-e-morre-atropelada-em-cidade-da-paraiba\/","title":{"rendered":"Crian\u00e7a de seis anos cai de \u00f4nibus escolar e morre atropelada, em cidade da Para\u00edba"},"content":{"rendered":"\n<p>Uma verdadeira fatalidade ocorreu na manh\u00e3 desta sexta-feira (06) na cidade de Conde, litoral Sul paraibano.<\/p>\n\n\n\n<p>Um menino de apenas 6 anos, que estava sendo transportado em um \u00f4nibus escolar para a Zona Rural da cidade, caiu do ve\u00edculo e foi atingido pelo pneu traseiro do \u00f4nibus.<\/p>\n\n\n\n<p>O Samu chegou a ser acionado, mas apenas constatou o \u00f3bito.<\/p>\n\n\n\n<p>De acordo com as informa\u00e7\u00f5es, o menino estaria sentado na cadeira que \u00e9 destinada a cadeirantes e por algum motivo a porta pr\u00f3xima da cadeira se abriu e ele caiu. O clima no local \u00e9 de ampla como\u00e7\u00e3o.<\/p>\n\n\n\n<p>De acordo com a prefeitura da cidade uma sindic\u00e2ncia j\u00e1 foi solicitada para apurar o caso.<\/p>\n\n\n\n<p><em>Com PB Agora<\/em><\/p>\n","protected":false},"excerpt":{"rendered":"<p>Uma verdadeira fatalidade ocorreu na manh\u00e3 desta sexta-feira (06) na cidade de Conde, litoral Sul paraibano. Um menino de apenas 6 anos, que estava sendo&hellip; <\/p>\n","protected":false},"author":1,"featured_media":114405,"comment_status":"closed","ping_status":"closed","sticky":false,"template":"","format":"standard","meta":{"sfsi_plus_gutenberg_text_before_share":"","sfsi_plus_gutenberg_show_text_before_share":"","sfsi_plus_gutenberg_icon_type":"","sfsi_plus_gutenberg_icon_alignemt":"","sfsi_plus_gutenburg_max_per_row":"","footnotes":""},"categories":[12],"tags":[],"class_list":["post-114404","post","type-post","status-publish","format-standard","has-post-thumbnail","hentry","category-policia"],"_links":{"self":[{"href":"https:\/\/www.caririemacao.com\/1\/wp-json\/wp\/v2\/posts\/114404","targetHints":{"allow":["GET"]}}],"collection":[{"href":"https:\/\/www.caririemacao.com\/1\/wp-json\/wp\/v2\/posts"}],"about":[{"href":"https:\/\/www.caririemacao.com\/1\/wp-json\/wp\/v2\/types\/post"}],"author":[{"embeddable":true,"href":"https:\/\/www.caririemacao.com\/1\/wp-json\/wp\/v2\/users\/1"}],"replies":[{"embeddable":true,"href":"https:\/\/www.caririemacao.com\/1\/wp-json\/wp\/v2\/comments?post=114404"}],"version-history":[{"count":1,"href":"https:\/\/www.caririemacao.com\/1\/wp-json\/wp\/v2\/posts\/114404\/revisions"}],"predecessor-version":[{"id":114406,"href":"https:\/\/www.caririemacao.com\/1\/wp-json\/wp\/v2\/posts\/114404\/revisions\/114406"}],"wp:featuredmedia":[{"embeddable":true,"href":"https:\/\/www.caririemacao.com\/1\/wp-json\/wp\/v2\/media\/114405"}],"wp:attachment":[{"href":"https:\/\/www.caririemacao.com\/1\/wp-json\/wp\/v2\/media?parent=114404"}],"wp:term":[{"taxonomy":"category","embeddable":true,"href":"https:\/\/www.caririemacao.com\/1\/wp-json\/wp\/v2\/categories?post=114404"},{"taxonomy":"post_tag","embeddable":true,"href":"https:\/\/www.caririemacao.com\/1\/wp-json\/wp\/v2\/tags?post=114404"}],"curies":[{"name":"wp","href":"https:\/\/api.w.org\/{rel}","templated":true}]}}