{"id":114412,"date":"2019-09-08T15:52:45","date_gmt":"2019-09-08T18:52:45","guid":{"rendered":"http:\/\/www.caririemacao.com\/1\/?p=114412"},"modified":"2019-09-08T15:52:46","modified_gmt":"2019-09-08T18:52:46","slug":"paraiba-e-o-segundo-maior-produtor-de-abacaxi-do-brasil-diz-ibge","status":"publish","type":"post","link":"https:\/\/www.caririemacao.com\/1\/2019\/09\/08\/paraiba-e-o-segundo-maior-produtor-de-abacaxi-do-brasil-diz-ibge\/","title":{"rendered":"Para\u00edba \u00e9 o segundo maior produtor de abacaxi do Brasil, diz IBGE"},"content":{"rendered":"\n<p>A Para\u00edba \u00e9 o segundo maior produtor de abacaxi do Brasil, segundo dados do Instituto Brasileiro de Geografia e Estat\u00edstica (IBGE). A fruta \u00e9 cultivada em uma \u00e1rea de 10.912 hectares, em munic\u00edpios do Litoral, Zona da Mata e Agreste do estado.<\/p>\n\n\n\n<p>O pesquisador de abacaxi da Empresa Paraibana de Pesquisa, Extens\u00e3o Rural e Regulariza\u00e7\u00e3o Fundi\u00e1ria (Empaer), Eliazar Felipe, explicou que a maior parte do abacaxi colhido abastece principalmente a regi\u00e3o Sudeste, com destaque para os Estados do Rio de Janeiro e S\u00e3o Paulo.<\/p>\n\n\n\n<p>Segundo Eliazar Felipe, a Para\u00edba conta com vantagens de clima e solo favor\u00e1veis para a produ\u00e7\u00e3o da fruta, al\u00e9m de utilizar as tecnologias adequadas para o cultivo dela. \u201cProduzimos o melhor e mais saboroso abacaxi do mundo\u201d, disse.<\/p>\n\n\n\n<p>O extensionista rural da Empaer de Guarabira, George Firmino do Nascimento, tamb\u00e9m explicou que o perfil do produtor \u00e9 formado basicamente por agricultores familiares que atuam em lavouras sob regime de sequeiro e de irriga\u00e7\u00e3o. \u201cO custo m\u00e9dio por hectare \u00e9 de cerca de 20 mil reais para as \u00e1reas irrigadas e 16 mil reais para as n\u00e3o irrigadas, o que torna a abacaxicultura uma lavoura cara\u201d, explicou. Ele lembrou ainda que, para cada 1,0 hectare plantado com abacaxi, s\u00e3o gerados cinco empregos diretos no campo.<\/p>\n\n\n\n<p>A colheita do abacaxi \u00e9 intensificada entre os meses de agosto e dezembro, entretanto, quem utiliza irriga\u00e7\u00e3o tem condi\u00e7\u00f5es de produzir durante o ano inteiro. O Par\u00e1 lidera o ranking nacional de produ\u00e7\u00e3o com 426.780 milh\u00f5es de frutas. J\u00e1 o Estado de Minas Gerais ocupa o terceiro lugar com 192.189.000. <\/p>\n\n\n\n<p>As informa\u00e7\u00f5es s\u00e3o do G1 PB.<\/p>\n","protected":false},"excerpt":{"rendered":"<p>A Para\u00edba \u00e9 o segundo maior produtor de abacaxi do Brasil, segundo dados do Instituto Brasileiro de Geografia e Estat\u00edstica (IBGE). A fruta \u00e9 cultivada&hellip; <\/p>\n","protected":false},"author":1,"featured_media":114413,"comment_status":"closed","ping_status":"closed","sticky":false,"template":"","format":"standard","meta":{"sfsi_plus_gutenberg_text_before_share":"","sfsi_plus_gutenberg_show_text_before_share":"","sfsi_plus_gutenberg_icon_type":"","sfsi_plus_gutenberg_icon_alignemt":"","sfsi_plus_gutenburg_max_per_row":"","footnotes":""},"categories":[2],"tags":[],"class_list":["post-114412","post","type-post","status-publish","format-standard","has-post-thumbnail","hentry","category-geral"],"_links":{"self":[{"href":"https:\/\/www.caririemacao.com\/1\/wp-json\/wp\/v2\/posts\/114412","targetHints":{"allow":["GET"]}}],"collection":[{"href":"https:\/\/www.caririemacao.com\/1\/wp-json\/wp\/v2\/posts"}],"about":[{"href":"https:\/\/www.caririemacao.com\/1\/wp-json\/wp\/v2\/types\/post"}],"author":[{"embeddable":true,"href":"https:\/\/www.caririemacao.com\/1\/wp-json\/wp\/v2\/users\/1"}],"replies":[{"embeddable":true,"href":"https:\/\/www.caririemacao.com\/1\/wp-json\/wp\/v2\/comments?post=114412"}],"version-history":[{"count":1,"href":"https:\/\/www.caririemacao.com\/1\/wp-json\/wp\/v2\/posts\/114412\/revisions"}],"predecessor-version":[{"id":114414,"href":"https:\/\/www.caririemacao.com\/1\/wp-json\/wp\/v2\/posts\/114412\/revisions\/114414"}],"wp:featuredmedia":[{"embeddable":true,"href":"https:\/\/www.caririemacao.com\/1\/wp-json\/wp\/v2\/media\/114413"}],"wp:attachment":[{"href":"https:\/\/www.caririemacao.com\/1\/wp-json\/wp\/v2\/media?parent=114412"}],"wp:term":[{"taxonomy":"category","embeddable":true,"href":"https:\/\/www.caririemacao.com\/1\/wp-json\/wp\/v2\/categories?post=114412"},{"taxonomy":"post_tag","embeddable":true,"href":"https:\/\/www.caririemacao.com\/1\/wp-json\/wp\/v2\/tags?post=114412"}],"curies":[{"name":"wp","href":"https:\/\/api.w.org\/{rel}","templated":true}]}}