{"id":114421,"date":"2019-09-08T21:05:38","date_gmt":"2019-09-09T00:05:38","guid":{"rendered":"http:\/\/www.caririemacao.com\/1\/?p=114421"},"modified":"2019-09-08T21:05:38","modified_gmt":"2019-09-09T00:05:38","slug":"milhares-de-fieis-participam-do-encerramento-da-festa-de-nossa-senhora-dos-milagres","status":"publish","type":"post","link":"https:\/\/www.caririemacao.com\/1\/2019\/09\/08\/milhares-de-fieis-participam-do-encerramento-da-festa-de-nossa-senhora-dos-milagres\/","title":{"rendered":"Milhares de fi\u00e9is participam do encerramento da Festa de Nossa Senhora dos Milagres"},"content":{"rendered":"\n<p>O encerramento aconteceu na tarde deste domingo, dia 08 de setembro e atraiu uma multid\u00e3o que foram de v\u00e1rios estados brasileiros, al\u00e9m dos fi\u00e9is de outros pa\u00edses que demostraram sua f\u00e9 e agradeceram os milagres alcan\u00e7ados.<\/p>\n\n\n\n<p>A Santa Missa e Prociss\u00e3o foi conduzida pelo reitor do Santu\u00e1rio de Nossa Senhora dos Milagres, padre Assis Meira, que aproveitou a oportunidade para agradecer a presen\u00e7a de todas as pessoas que participaram de toda a programa\u00e7\u00e3o festiva a padroeira do Cariri \u201cNossa Senhora dos Milagres\u201d.<\/p>\n\n\n\n<p>A missa tamb\u00e9m teve a concelebra\u00e7\u00e3o de padres que fazem parte das par\u00f3quias do Cariri, pertencentes a Diocese de Campina Grande.<\/p>\n\n\n\n<p><strong>CARIRI EM A\u00c7\u00c3O<\/strong><\/p>\n\n\n\n<p><strong>Leia mais not\u00edcias em&nbsp;<\/strong><a href=\"http:\/\/www.caririemacao.com\/\"><strong>caririemacao.com<\/strong><\/a><strong>, siga nossa p\u00e1gina no&nbsp;<\/strong><a href=\"https:\/\/www.facebook.com\/CaririEmAcao\/?ref=aymt_homepage_panel\"><strong>Facebook<\/strong><\/a>,<a href=\"https:\/\/www.instagram.com\/cariri_em_acao\/?hl=pt-br\"><strong>Instagram<\/strong><\/a><strong>&nbsp;e&nbsp;<\/strong><a href=\"https:\/\/www.youtube.com\/channel\/UCAptA0jQuYQy8vMhLt2m4qg\"><strong>Youtube<\/strong><\/a><strong>&nbsp;e veja nossas mat\u00e9rias, v\u00eddeos e fotos. Voc\u00ea tamb\u00e9m pode enviar informa\u00e7\u00f5es \u00e0 Reda\u00e7\u00e3o do Portal Cariri em A\u00e7\u00e3o pelo WhatsApp (83) 9 9634.5791, (83) 9 9601-1162.<\/strong><\/p>\n\n\n\n<div class=\"wp-block-image\"><figure class=\"aligncenter\"><img fetchpriority=\"high\" decoding=\"async\" width=\"728\" height=\"90\" src=\"http:\/\/www.caririemacao.com\/1\/wp-content\/uploads\/2017\/07\/Moveletro-animacao.gif.pagespeed.ce.hPyxD00JbX.gif\" alt=\"\" class=\"wp-image-23140\"\/><\/figure><\/div>\n\n\n\n<div class=\"wp-block-image\"><figure class=\"aligncenter\"><img decoding=\"async\" width=\"749\" height=\"432\" data-src=\"http:\/\/www.caririemacao.com\/1\/wp-content\/uploads\/2019\/08\/226x129xCaririAdministradora-14.08.19.jpeg.pagespeed.ic.LYSwtmFBqs.webp\" alt=\"\" class=\"wp-image-110155 lazyload\" src=\"data:image\/svg+xml;base64,PHN2ZyB3aWR0aD0iMSIgaGVpZ2h0PSIxIiB4bWxucz0iaHR0cDovL3d3dy53My5vcmcvMjAwMC9zdmciPjwvc3ZnPg==\" style=\"--smush-placeholder-width: 749px; --smush-placeholder-aspect-ratio: 749\/432;\" \/><\/figure><\/div>\n\n\n\n<div class=\"wp-block-image\"><figure class=\"aligncenter\"><img decoding=\"async\" data-src=\"http:\/\/www.caririemacao.com\/1\/wp-content\/uploads\/2016\/08\/224x119xconsultorioodonto_ns_fatima_euwam-300x160.jpg.pagespeed.ic.MlHlqsgkPq.webp\" alt=\"\" class=\"wp-image-204 lazyload\" src=\"data:image\/svg+xml;base64,PHN2ZyB3aWR0aD0iMSIgaGVpZ2h0PSIxIiB4bWxucz0iaHR0cDovL3d3dy53My5vcmcvMjAwMC9zdmciPjwvc3ZnPg==\" style=\"--smush-placeholder-width: 300px; --smush-placeholder-aspect-ratio: 300\/160;\" \/><\/figure><\/div>\n","protected":false},"excerpt":{"rendered":"<p>O encerramento aconteceu na tarde deste domingo, dia 08 de setembro e atraiu uma multid\u00e3o que foram de v\u00e1rios estados brasileiros, al\u00e9m dos fi\u00e9is de&hellip; <\/p>\n","protected":false},"author":2,"featured_media":114423,"comment_status":"closed","ping_status":"closed","sticky":false,"template":"","format":"standard","meta":{"sfsi_plus_gutenberg_text_before_share":"","sfsi_plus_gutenberg_show_text_before_share":"","sfsi_plus_gutenberg_icon_type":"","sfsi_plus_gutenberg_icon_alignemt":"","sfsi_plus_gutenburg_max_per_row":"","footnotes":""},"categories":[6,50],"tags":[],"class_list":["post-114421","post","type-post","status-publish","format-standard","has-post-thumbnail","hentry","category-cidades","category-destaque"],"_links":{"self":[{"href":"https:\/\/www.caririemacao.com\/1\/wp-json\/wp\/v2\/posts\/114421","targetHints":{"allow":["GET"]}}],"collection":[{"href":"https:\/\/www.caririemacao.com\/1\/wp-json\/wp\/v2\/posts"}],"about":[{"href":"https:\/\/www.caririemacao.com\/1\/wp-json\/wp\/v2\/types\/post"}],"author":[{"embeddable":true,"href":"https:\/\/www.caririemacao.com\/1\/wp-json\/wp\/v2\/users\/2"}],"replies":[{"embeddable":true,"href":"https:\/\/www.caririemacao.com\/1\/wp-json\/wp\/v2\/comments?post=114421"}],"version-history":[{"count":1,"href":"https:\/\/www.caririemacao.com\/1\/wp-json\/wp\/v2\/posts\/114421\/revisions"}],"predecessor-version":[{"id":114424,"href":"https:\/\/www.caririemacao.com\/1\/wp-json\/wp\/v2\/posts\/114421\/revisions\/114424"}],"wp:featuredmedia":[{"embeddable":true,"href":"https:\/\/www.caririemacao.com\/1\/wp-json\/wp\/v2\/media\/114423"}],"wp:attachment":[{"href":"https:\/\/www.caririemacao.com\/1\/wp-json\/wp\/v2\/media?parent=114421"}],"wp:term":[{"taxonomy":"category","embeddable":true,"href":"https:\/\/www.caririemacao.com\/1\/wp-json\/wp\/v2\/categories?post=114421"},{"taxonomy":"post_tag","embeddable":true,"href":"https:\/\/www.caririemacao.com\/1\/wp-json\/wp\/v2\/tags?post=114421"}],"curies":[{"name":"wp","href":"https:\/\/api.w.org\/{rel}","templated":true}]}}