{"id":114761,"date":"2019-09-10T08:07:56","date_gmt":"2019-09-10T11:07:56","guid":{"rendered":"http:\/\/www.caririemacao.com\/1\/?p=114761"},"modified":"2019-09-10T08:07:56","modified_gmt":"2019-09-10T11:07:56","slug":"socorro-especializado-pode-ser-decisivo-para-evitar-suicidio","status":"publish","type":"post","link":"https:\/\/www.caririemacao.com\/1\/2019\/09\/10\/socorro-especializado-pode-ser-decisivo-para-evitar-suicidio\/","title":{"rendered":"Socorro especializado pode ser decisivo para evitar suic\u00eddio"},"content":{"rendered":"\n<p>O atendimento de equipes especializadas e multidisciplinares pode ser determinante para evitar o suic\u00eddio. A opini\u00e3o \u00e9 do psiquiatra Leonardo Luz, do Conselho Federal de Medicina. \u201cO Samu [Servi\u00e7o de Atendimento M\u00f3vel de Urg\u00eancia \u2013 192] deve ser acionado porque \u00e9 uma emerg\u00eancia m\u00e9dica\u201d, afirma.<\/p>\n\n\n\n<p>Representante do Piau\u00ed, o m\u00e9dico reconhece, no entanto, que n\u00e3o h\u00e1 em todas as localidades do pa\u00eds servi\u00e7o de urg\u00eancia para casos de suic\u00eddio. \u201cH\u00e1 relatos Brasil afora onde o Samu n\u00e3o t\u00eam equipe para o atendimento, os bombeiros e a pol\u00edcia \u00e9 que acabam cuidando. Eles podem at\u00e9 ser r\u00e1pidos, mas n\u00e3o t\u00eam recursos para fazer esse atendimento\u201d.<\/p>\n\n\n\n<p>No Distrito Federal, a Central de Informa\u00e7\u00f5es Toxicol\u00f3gicas e Atendimento Psicossocial (Ceitap), da Secretaria de Sa\u00fade, mant\u00e9m um carro do Samu dispon\u00edvel para equipe especializada, formada por m\u00e9dicos, enfermeiros, psic\u00f3logos, assistentes sociais e condutor socorrista.<\/p>\n\n\n\n<p>Segundo a gerente da Ceitap, a enfermeira Carla Pelloso, a equipe \u201cconsegue intervir no momento em que a pessoa est\u00e1 em situa\u00e7\u00e3o na qual perde o controle dos pr\u00f3prios atos e tem esses pensamentos acentuados de morte\u201d. A iniciativa envolve conversa e acolhimento para que \u201ca pessoa deixe de pensar no ato [de matar-se], vislumbre outro caminho e perceba que aquela n\u00e3o \u00e9 a \u00fanica sa\u00edda\u201d.<\/p>\n\n\n\n<p>A psic\u00f3loga Jana\u00edna Milagres, especialista em psicopatologia e psicodiagn\u00f3stico infantil e psicologia hospitalar e da sa\u00fade, lembra que \u201co apoio psicol\u00f3gico no momento de crise \u00e9 de grande import\u00e2ncia para aliviar o sofrimento, diminuindo a ang\u00fastia das emo\u00e7\u00f5es e das situa\u00e7\u00f5es traumatizantes\u201d.<\/p>\n\n\n\n<p>Conforme o psiquiatra Leonardo Luz, a interlocu\u00e7\u00e3o \u00e9 uma \u201cfala ativa para ganhar tempo\u201d e levantar informa\u00e7\u00f5es \u201cpara classificar risco\u201d, conhecer hist\u00f3rico pessoal e identificar o perfil de quem amea\u00e7a se matar.<\/p>\n\n\n\n<h2 class=\"wp-block-heading\">Entender os sinais<\/h2>\n\n\n\n<figure class=\"wp-block-image\"><img decoding=\"async\" data-src=\"http:\/\/imagens.ebc.com.br\/bFZ1cDP9ZCtO3rHL0FjeT1h3oAo=\/754x0\/smart\/http:\/\/agenciabrasil.ebc.com.br\/sites\/default\/files\/thumbnails\/image\/mcmgo_abr_070820180689.jpg?itok=ual1cbEj\" alt=\" Depress\u00e3o, suicidio\" src=\"data:image\/svg+xml;base64,PHN2ZyB3aWR0aD0iMSIgaGVpZ2h0PSIxIiB4bWxucz0iaHR0cDovL3d3dy53My5vcmcvMjAwMC9zdmciPjwvc3ZnPg==\" class=\"lazyload\" \/><\/figure>\n\n\n\n<p>Depress\u00e3o &#8211;&nbsp;<strong>Marcelo Camargo\/Ag\u00eancia Brasil<\/strong><br><\/p>\n\n\n\n<p>De acordo com o&nbsp;<em>site<\/em>&nbsp;da campanha&nbsp;<a href=\"https:\/\/www.setembroamarelo.org.br\/\" target=\"_blank\" rel=\"noreferrer noopener\">Setembro Amarelo<\/a>, de esclarecimento sobre suic\u00eddio, entre as causas em primeiro lugar est\u00e1 a depress\u00e3o, seguida do transtorno bipolar e abuso de subst\u00e2ncias (como \u00e1lcool e drogas). O&nbsp;<em>site<\/em>&nbsp;informa que no Brasil s\u00e3o registrados cerca de 12 mil suic\u00eddios por ano (mais de 1 milh\u00e3o no mundo). Cerca de 96,8% dos casos est\u00e3o relacionados a transtornos mentais.<\/p>\n\n\n\n<p>Leonardo Luz diz que o suic\u00eddio \u00e9 a \u00faltima etapa de um processo que, em geral, segue os momentos de idea\u00e7\u00e3o, planejamento ou inten\u00e7\u00e3o e tentativa. A avalia\u00e7\u00e3o m\u00e9dica pode identificar a necessidade de psicoterapia e de prescri\u00e7\u00e3o de medicamentos.<\/p>\n\n\n\n<p>Para Jana\u00edna Milagres, \u00e9 necess\u00e1rio que familiares e amigos fiquem atentos ao comportamento. A avalia\u00e7\u00e3o \u00e9 de que antes do ato de suic\u00eddio a pessoa exibe sinais que poder\u00e3o resultar na tentativa.<\/p>\n\n\n\n<p>\u201cO pedido de socorro acontece de v\u00e1rias formas. Muitas atitudes podem ser previs\u00f5es de um comportamento suicida, como alta agressividade e n\u00edvel extremo de impulsividade\u201d.<\/p>\n\n\n\n<p>Na internet, \u00e9 poss\u00edvel localizar em&nbsp;<em>sites<\/em>&nbsp;especializados mais informa\u00e7\u00f5es sobre o suic\u00eddio. Al\u00e9m do&nbsp;<em>site<\/em>&nbsp;da campanha Setembro Amarelo, o&nbsp;<a href=\"http:\/\/www.flip3d.com.br\/web\/pub\/cfm\/index9\/?numero=14#page\/1\" target=\"_blank\" rel=\"noreferrer noopener\">Conselho Federal de Medicina<\/a>&nbsp;mant\u00e9m manuais, protocolos e cartilhas sobre o ato, e o&nbsp;<a href=\"http:\/\/saude.gov.br\/saude-de-a-z\/suicidio\" target=\"_blank\" rel=\"noreferrer noopener\">Minist\u00e9rio da Sa\u00fade<\/a>&nbsp;descreve em seu gloss\u00e1rio v\u00e1rias informa\u00e7\u00f5es \u00fateis para leigos e m\u00e9dicos, como onde buscar ajuda e ter publica\u00e7\u00f5es especializadas.<\/p>\n","protected":false},"excerpt":{"rendered":"<p>O atendimento de equipes especializadas e multidisciplinares pode ser determinante para evitar o suic\u00eddio. A opini\u00e3o \u00e9 do psiquiatra Leonardo Luz, do Conselho Federal de&hellip; <\/p>\n","protected":false},"author":1,"featured_media":58526,"comment_status":"closed","ping_status":"closed","sticky":false,"template":"","format":"standard","meta":{"sfsi_plus_gutenberg_text_before_share":"","sfsi_plus_gutenberg_show_text_before_share":"","sfsi_plus_gutenberg_icon_type":"","sfsi_plus_gutenberg_icon_alignemt":"","sfsi_plus_gutenburg_max_per_row":"","footnotes":""},"categories":[16],"tags":[],"class_list":["post-114761","post","type-post","status-publish","format-standard","has-post-thumbnail","hentry","category-saude"],"_links":{"self":[{"href":"https:\/\/www.caririemacao.com\/1\/wp-json\/wp\/v2\/posts\/114761","targetHints":{"allow":["GET"]}}],"collection":[{"href":"https:\/\/www.caririemacao.com\/1\/wp-json\/wp\/v2\/posts"}],"about":[{"href":"https:\/\/www.caririemacao.com\/1\/wp-json\/wp\/v2\/types\/post"}],"author":[{"embeddable":true,"href":"https:\/\/www.caririemacao.com\/1\/wp-json\/wp\/v2\/users\/1"}],"replies":[{"embeddable":true,"href":"https:\/\/www.caririemacao.com\/1\/wp-json\/wp\/v2\/comments?post=114761"}],"version-history":[{"count":1,"href":"https:\/\/www.caririemacao.com\/1\/wp-json\/wp\/v2\/posts\/114761\/revisions"}],"predecessor-version":[{"id":114764,"href":"https:\/\/www.caririemacao.com\/1\/wp-json\/wp\/v2\/posts\/114761\/revisions\/114764"}],"wp:featuredmedia":[{"embeddable":true,"href":"https:\/\/www.caririemacao.com\/1\/wp-json\/wp\/v2\/media\/58526"}],"wp:attachment":[{"href":"https:\/\/www.caririemacao.com\/1\/wp-json\/wp\/v2\/media?parent=114761"}],"wp:term":[{"taxonomy":"category","embeddable":true,"href":"https:\/\/www.caririemacao.com\/1\/wp-json\/wp\/v2\/categories?post=114761"},{"taxonomy":"post_tag","embeddable":true,"href":"https:\/\/www.caririemacao.com\/1\/wp-json\/wp\/v2\/tags?post=114761"}],"curies":[{"name":"wp","href":"https:\/\/api.w.org\/{rel}","templated":true}]}}