{"id":114773,"date":"2019-09-10T08:10:04","date_gmt":"2019-09-10T11:10:04","guid":{"rendered":"http:\/\/www.caririemacao.com\/1\/?p=114773"},"modified":"2019-09-10T08:10:04","modified_gmt":"2019-09-10T11:10:04","slug":"governo-coreano-apoia-producao-de-materiais-industriais-essenciais","status":"publish","type":"post","link":"https:\/\/www.caririemacao.com\/1\/2019\/09\/10\/governo-coreano-apoia-producao-de-materiais-industriais-essenciais\/","title":{"rendered":"Governo coreano apoia produ\u00e7\u00e3o de materiais industriais essenciais"},"content":{"rendered":"\n<p>O presidente sul-coreano Moon Jae-in teve hoje (10) reuni\u00e3o de gabinete visando a apoiar a produ\u00e7\u00e3o dom\u00e9stica de grandes materiais industriais em meio a um conflito comercial com o Jap\u00e3o.<\/p>\n\n\n\n<p>Aumentar a competitividade dos materiais industriais, componentes e outros equipamentos tecnol\u00f3gicos \u00e9 uma &#8220;tarefa estrat\u00e9gica para (se tornar) uma pot\u00eancia econ\u00f4mica&#8221;, afirmou Moon durante a reuni\u00e3o realizada no Instituto de Semicondutores P\u00f3s-Sil\u00edcio do Instituto de Ci\u00eancia e Tecnologia da Coreia ( KIST) em Seul.<\/p>\n\n\n\n<p>\u00c9 &#8220;uma quest\u00e3o de estabelecer a base da economia sul-coreana&nbsp;al\u00e9m do n\u00edvel das rela\u00e7\u00f5es entre a Coreia do Sul e o Jap\u00e3o&#8221;, acrescentou.<\/p>\n\n\n\n<p>Esta foi a segunda reuni\u00e3o semanal do gabinete de Moon fora do complexo presidencial de Cheong Wa Dae (Casa Azul, resid\u00eancia e escrit\u00f3rio do presidente sul-coreano). No final de fevereiro, ele presidiu uma sess\u00e3o no Museu Kim Koo, em Seul, antes do cent\u00e9simo anivers\u00e1rio do Movimento de 1\u00ba de mar\u00e7o de 1919, contra o dom\u00ednio colonial do Jap\u00e3o.<\/p>\n\n\n\n<p>Ele atribuiu um significado especial \u00e0 escolha do KIST como local, chamando-o de &#8220;ber\u00e7o&#8221; do desenvolvimento tecnol\u00f3gico da Coreia do Sul.<\/p>\n\n\n\n<p>Um plano para as ind\u00fastrias da Coreia do Sul, como constru\u00e7\u00e3o naval, a\u00e7o e autom\u00f3veis, que levaram ao &#8220;Milagre no Rio Han&#8221;, nasceu no KIST, lembrou ele.&nbsp;O &#8220;Milagre do Rio Han&#8221; \u00e9 uma express\u00e3o que se refere&nbsp;ao acelerado crescimento da&nbsp;Coreia do Sul, incluindo r\u00e1pida industrializa\u00e7\u00e3o, avan\u00e7o tecnol\u00f3gico, boom educacional, aumento exponencial nos padr\u00f5es de vida e r\u00e1pida urbaniza\u00e7\u00e3o.&nbsp;<\/p>\n\n\n\n<p>Moon disse que est\u00e1 determinado a fortalecer a economia da Coreia do Sul para que ningu\u00e9m possa &#8220;abal\u00e1-la&#8221;.<\/p>\n\n\n\n<p>Moon enfatizou a necessidade de inovar o setor manufatureiro local.<\/p>\n\n\n\n<h2 class=\"wp-block-heading\"><strong>Restri\u00e7\u00f5es<\/strong><\/h2>\n\n\n\n<p>As restri\u00e7\u00f5es de exporta\u00e7\u00e3o do Jap\u00e3o contra empresas sul-coreanas, que come\u00e7aram no in\u00edcio de julho, serviram como um alerta para os conglomerados locais, que se apoiaram fortemente nos suprimentos do pa\u00eds vizinho.<\/p>\n\n\n\n<p>Moon apresentou o incentivo a&nbsp;fornecedores locais como uma solu\u00e7\u00e3o de m\u00e9dio a longo prazo.<\/p>\n\n\n\n<p>&#8220;O governo aumentar\u00e1 agressivamente o investimento (no setor)&#8221;, disse ele.<\/p>\n\n\n\n<p>O governo planeja gastar US$ 4,2 bilh\u00f5es&nbsp;em projetos relevantes nos pr\u00f3ximos tr\u00eas anos.<\/p>\n\n\n\n<p>Como parte dos esfor\u00e7os, o Gabinete aprovou um plano para criar um painel presidencial para aumentar a competitividade da produ\u00e7\u00e3o sul-coreana de materiais industriais, componentes e outros equipamentos de tecnologia.<\/p>\n\n\n\n<p>Moon disse que o comit\u00ea desempenhar\u00e1 um papel central na press\u00e3o pela pol\u00edtica, que incluiria a revis\u00e3o da legisla\u00e7\u00e3o relevante.<\/p>\n\n\n\n<p>Presidido pelo ministro da Economia e Finan\u00e7as, ele foi projetado para um &#8220;impulso sist\u00eamico&#8221; por medidas relacionadas, envolvendo tamb\u00e9m at\u00e9 50 especialistas civis, disse o governo.<\/p>\n\n\n\n<p>O novo ministro da Justi\u00e7a Cho Kuk estava entre os participantes da sess\u00e3o do Gabinete. Moon nomeou Cho na segunda-feira, apesar da forte oposi\u00e7\u00e3o de cr\u00edticos que discordam de supostos lapsos \u00e9ticos e irregularidades envolvendo sua fam\u00edlia.<\/p>\n\n\n\n<p>Mais tarde, Moon visitou um centro de servi\u00e7o civil do governo, instalado na sede da C\u00e2mara de Com\u00e9rcio e Ind\u00fastria da Cor\u00e9ia (KCCI) em Seul, em 22 de julho, para ajudar as empresas sul-coreanas a lidar com os problemas na obten\u00e7\u00e3o de materiais e pe\u00e7as necess\u00e1rios \u00e0 produ\u00e7\u00e3o do pa\u00eds.&nbsp;<\/p>\n","protected":false},"excerpt":{"rendered":"<p>O presidente sul-coreano Moon Jae-in teve hoje (10) reuni\u00e3o de gabinete visando a apoiar a produ\u00e7\u00e3o dom\u00e9stica de grandes materiais industriais em meio a um&hellip; <\/p>\n","protected":false},"author":1,"featured_media":114775,"comment_status":"closed","ping_status":"closed","sticky":false,"template":"","format":"standard","meta":{"sfsi_plus_gutenberg_text_before_share":"","sfsi_plus_gutenberg_show_text_before_share":"","sfsi_plus_gutenberg_icon_type":"","sfsi_plus_gutenberg_icon_alignemt":"","sfsi_plus_gutenburg_max_per_row":"","footnotes":""},"categories":[2],"tags":[],"class_list":["post-114773","post","type-post","status-publish","format-standard","has-post-thumbnail","hentry","category-geral"],"_links":{"self":[{"href":"https:\/\/www.caririemacao.com\/1\/wp-json\/wp\/v2\/posts\/114773","targetHints":{"allow":["GET"]}}],"collection":[{"href":"https:\/\/www.caririemacao.com\/1\/wp-json\/wp\/v2\/posts"}],"about":[{"href":"https:\/\/www.caririemacao.com\/1\/wp-json\/wp\/v2\/types\/post"}],"author":[{"embeddable":true,"href":"https:\/\/www.caririemacao.com\/1\/wp-json\/wp\/v2\/users\/1"}],"replies":[{"embeddable":true,"href":"https:\/\/www.caririemacao.com\/1\/wp-json\/wp\/v2\/comments?post=114773"}],"version-history":[{"count":1,"href":"https:\/\/www.caririemacao.com\/1\/wp-json\/wp\/v2\/posts\/114773\/revisions"}],"predecessor-version":[{"id":114776,"href":"https:\/\/www.caririemacao.com\/1\/wp-json\/wp\/v2\/posts\/114773\/revisions\/114776"}],"wp:featuredmedia":[{"embeddable":true,"href":"https:\/\/www.caririemacao.com\/1\/wp-json\/wp\/v2\/media\/114775"}],"wp:attachment":[{"href":"https:\/\/www.caririemacao.com\/1\/wp-json\/wp\/v2\/media?parent=114773"}],"wp:term":[{"taxonomy":"category","embeddable":true,"href":"https:\/\/www.caririemacao.com\/1\/wp-json\/wp\/v2\/categories?post=114773"},{"taxonomy":"post_tag","embeddable":true,"href":"https:\/\/www.caririemacao.com\/1\/wp-json\/wp\/v2\/tags?post=114773"}],"curies":[{"name":"wp","href":"https:\/\/api.w.org\/{rel}","templated":true}]}}