{"id":114787,"date":"2019-09-10T08:12:05","date_gmt":"2019-09-10T11:12:05","guid":{"rendered":"http:\/\/www.caririemacao.com\/1\/?p=114787"},"modified":"2019-09-10T08:12:05","modified_gmt":"2019-09-10T11:12:05","slug":"numero-de-beneficiarios-de-planos-de-saude-cai-03-em-12-meses","status":"publish","type":"post","link":"https:\/\/www.caririemacao.com\/1\/2019\/09\/10\/numero-de-beneficiarios-de-planos-de-saude-cai-03-em-12-meses\/","title":{"rendered":"N\u00famero de benefici\u00e1rios de planos de sa\u00fade cai 0,3% em 12 meses"},"content":{"rendered":"\n<p>Pesquisa divulgada hoje (9) pelo Instituto de Estudos de Sa\u00fade Suplementar (IESS) revela que o n\u00famero de benefici\u00e1rios de planos de sa\u00fade caiu 0,3% \u2013 o equivalente \u00e0 perda de 133,3 mil v\u00ednculos \u2013 entre julho deste ano e igual m\u00eas do ano passado, somando um total de 46,99 milh\u00f5es de pessoas. De acordo com o IESS, esta \u00e9 a primeira vez, desde mar\u00e7o de 2012, que as carteiras das operadoras de planos de sa\u00fade t\u00eam menos de 47 milh\u00f5es de v\u00ednculos.<br><br>Segundo o superintendente executivo do IESS, Jos\u00e9 Cechin, a redu\u00e7\u00e3o do n\u00famero de benefici\u00e1rios n\u00e3o est\u00e1 em desalinho com o que vem acontecendo no setor nos \u00faltimos anos. Cechin lembrou que, nos planos m\u00e9dico-hospitalares, o pico de queda foi sentido a partir de dezembro de 2014 e que 3 milh\u00f5es de benefici\u00e1rios deixaram os planos em 2015 e em 2016 \u2013 1,5 milh\u00e3o em cada ano, e mais um pouco em 2017.<br><br>\u201cForam mais de 3 milh\u00f5es de perdas de v\u00ednculos de planos m\u00e9dico-hospitalares em 2015, 2016 e 2017. De ent\u00e3o para c\u00e1, o setor veio andando de lado. Um momento sobe, um momento cai e fica oscilando em torno de 47,1 milh\u00f5es e 47,2 milh\u00f5es [de benefici\u00e1rios]. Desta vez, oscilou para baixo\u201d, disse Cechin \u00e0&nbsp;<strong>Ag\u00eancia Brasil<\/strong>.<br><br>Apesar disso, houve aumento de 2,2% na quantidade de v\u00ednculos com pessoas de 59 anos ou mais, o que equivale a 147,3 mil novos contratos, ressaltou.<br><br>Para Cechin, a redu\u00e7\u00e3o de 0,3% registrada nos 12 meses findos em julho \u201c\u00e9 um pequeno solu\u00e7o\u201d, e a expectativa para o pr\u00f3ximo resultado \u00e9 de recupera\u00e7\u00e3o. Ele disse que tem sido assim nos \u00faltimos meses e que n\u00e3o acredita que isso tenha iniciado uma tend\u00eancia de decr\u00e9scimo do n\u00famero de benefici\u00e1rios.&#8221; \u00c9 apenas uma oscila\u00e7\u00e3o circunstancial, conjuntural.\u201d<br><br>Cechin lembrou que as empresas costumam oferecer planos de sa\u00fade a seus funcion\u00e1rios: dois ter\u00e7os dos planos m\u00e9dico-hospitalares s\u00e3o corporativos. \u201cSe, nas empresas, h\u00e1 desemprego, as pessoas que tinham emprego perdem o plano\u201d, lamentou. Segundo ele, isso explica a grande sa\u00edda de benefici\u00e1rios dos planos de sa\u00fade em 2015 e 2016.<br><br>Ele disse que, quando a economia voltar a crescer, as empresas ter\u00e3o melhores condi\u00e7\u00f5es financeiras e v\u00e3o contratar pessoal que ter\u00e1 planos de sa\u00fade.<\/p>\n\n\n\n<h2 class=\"wp-block-heading\">Odontol\u00f3gicos<\/h2>\n\n\n\n<p>Em contrapartida \u00e0 queda de v\u00ednculos nos planos m\u00e9dico-hospitalares, os que cobrem tratamentos odontol\u00f3gicos mant\u00eam trajet\u00f3ria de crescimento. Quando o segmento teve in\u00edcio, com regulamenta\u00e7\u00e3o a partir de 2000\/2001, havia menos de 1 milh\u00e3o de benefici\u00e1rios, lembrou Cechin. Atualmente, esses planos det\u00eam 24,96 milh\u00f5es de benefici\u00e1rios, e a tend\u00eancia \u00e9 de expans\u00e3o.<\/p>\n\n\n\n<p>\u201c\u00c9 tradi\u00e7\u00e3o desse mercado crescer continuamente, mesmo na recess\u00e3o e na crise\u201d, disse Cechin, que atribuiu a expans\u00e3o do setor odontol\u00f3gico \u00e0 mensalidade paga, que \u00e9 mais baixa que a de um plano m\u00e9dico, e as pessoas podem pagar. Ele acrescentou que muitas empresas que gostariam de oferecer um plano m\u00e9dico a seus funcion\u00e1rios ainda n\u00e3o t\u00eam porte, nem economicidade, renda e finan\u00e7as para tal, e optam pelo odontol\u00f3gico, cujo t\u00edquete \u00e9 bem mais baixo.<\/p>\n\n\n\n<p>O Instituto de Estudos de Sa\u00fade Suplementar (IESS) \u00e9 uma entidade que promove e realiza estudos sobre sa\u00fade suplementar baseados em aspectos conceituais e t\u00e9cnicos que colaboram para a implementa\u00e7\u00e3o de pol\u00edticas e para a introdu\u00e7\u00e3o de melhores pr\u00e1ticas no setor brasileiro.<\/p>\n","protected":false},"excerpt":{"rendered":"<p>Pesquisa divulgada hoje (9) pelo Instituto de Estudos de Sa\u00fade Suplementar (IESS) revela que o n\u00famero de benefici\u00e1rios de planos de sa\u00fade caiu 0,3% \u2013&hellip; <\/p>\n","protected":false},"author":1,"featured_media":114789,"comment_status":"closed","ping_status":"closed","sticky":false,"template":"","format":"standard","meta":{"sfsi_plus_gutenberg_text_before_share":"","sfsi_plus_gutenberg_show_text_before_share":"","sfsi_plus_gutenberg_icon_type":"","sfsi_plus_gutenberg_icon_alignemt":"","sfsi_plus_gutenburg_max_per_row":"","footnotes":""},"categories":[16],"tags":[],"class_list":["post-114787","post","type-post","status-publish","format-standard","has-post-thumbnail","hentry","category-saude"],"_links":{"self":[{"href":"https:\/\/www.caririemacao.com\/1\/wp-json\/wp\/v2\/posts\/114787","targetHints":{"allow":["GET"]}}],"collection":[{"href":"https:\/\/www.caririemacao.com\/1\/wp-json\/wp\/v2\/posts"}],"about":[{"href":"https:\/\/www.caririemacao.com\/1\/wp-json\/wp\/v2\/types\/post"}],"author":[{"embeddable":true,"href":"https:\/\/www.caririemacao.com\/1\/wp-json\/wp\/v2\/users\/1"}],"replies":[{"embeddable":true,"href":"https:\/\/www.caririemacao.com\/1\/wp-json\/wp\/v2\/comments?post=114787"}],"version-history":[{"count":1,"href":"https:\/\/www.caririemacao.com\/1\/wp-json\/wp\/v2\/posts\/114787\/revisions"}],"predecessor-version":[{"id":114790,"href":"https:\/\/www.caririemacao.com\/1\/wp-json\/wp\/v2\/posts\/114787\/revisions\/114790"}],"wp:featuredmedia":[{"embeddable":true,"href":"https:\/\/www.caririemacao.com\/1\/wp-json\/wp\/v2\/media\/114789"}],"wp:attachment":[{"href":"https:\/\/www.caririemacao.com\/1\/wp-json\/wp\/v2\/media?parent=114787"}],"wp:term":[{"taxonomy":"category","embeddable":true,"href":"https:\/\/www.caririemacao.com\/1\/wp-json\/wp\/v2\/categories?post=114787"},{"taxonomy":"post_tag","embeddable":true,"href":"https:\/\/www.caririemacao.com\/1\/wp-json\/wp\/v2\/tags?post=114787"}],"curies":[{"name":"wp","href":"https:\/\/api.w.org\/{rel}","templated":true}]}}