{"id":114795,"date":"2019-09-10T08:14:28","date_gmt":"2019-09-10T11:14:28","guid":{"rendered":"http:\/\/www.caririemacao.com\/1\/?p=114795"},"modified":"2019-09-10T08:14:28","modified_gmt":"2019-09-10T11:14:28","slug":"fanfarra-rio-do-camara-ja-comeca-a-receber-premios-por-sua-atuacao","status":"publish","type":"post","link":"https:\/\/www.caririemacao.com\/1\/2019\/09\/10\/fanfarra-rio-do-camara-ja-comeca-a-receber-premios-por-sua-atuacao\/","title":{"rendered":"Fanfarra Rio do Camar\u00e1 j\u00e1 come\u00e7a a receber pr\u00eamios por sua atua\u00e7\u00e3o"},"content":{"rendered":"\n<p>Recentemente criada na cidade de Camala\u00fa gra\u00e7as \u00e0 determina\u00e7\u00e3o do prefeito Sandro M\u00f4co e de toda a equipe da administra\u00e7\u00e3o municipal, a banda fanfarra Rio do Camar\u00e1 j\u00e1 nasceu destinada ao sucesso e ao brilho.<br>Nos desfiles c\u00edvicos e eventos de 07 de setembro em Camala\u00fa, a banda atuou com maestria e encantou a popula\u00e7\u00e3o local.<br><\/p>\n\n\n\n<figure class=\"wp-block-image\"><a href=\"https:\/\/scontent.fcpv1-1.fna.fbcdn.net\/v\/t1.0-9\/70314522_1304258273073425_6878485485702873088_n.jpg?_nc_cat=100&amp;_nc_eui2=AeHUvcSUnlJaobl_dv5UO_kYEqeac97uT-V5Eyj33lF0Yr8_fG3YRYYQmaOLuTqWtxyJglEKuDe663vor1Zkvkp_SHNFZLdMMJmihslN7ca2dg&amp;_nc_oc=AQm5G7-0AvdNK4yocoXJNUrnjDceBsMTs5ZW-I4l641hXMmue5axfAnTDyIz5R8nNpI&amp;_nc_ht=scontent.fcpv1-1.fna&amp;oh=344e35caccaa9f9b31e4f9871e5bf8f4&amp;oe=5E052AB6\"><img decoding=\"async\" data-src=\"https:\/\/scontent.fcpv1-1.fna.fbcdn.net\/v\/t1.0-9\/70314522_1304258273073425_6878485485702873088_n.jpg?_nc_cat=100&amp;_nc_eui2=AeHUvcSUnlJaobl_dv5UO_kYEqeac97uT-V5Eyj33lF0Yr8_fG3YRYYQmaOLuTqWtxyJglEKuDe663vor1Zkvkp_SHNFZLdMMJmihslN7ca2dg&amp;_nc_oc=AQm5G7-0AvdNK4yocoXJNUrnjDceBsMTs5ZW-I4l641hXMmue5axfAnTDyIz5R8nNpI&amp;_nc_ht=scontent.fcpv1-1.fna&amp;oh=344e35caccaa9f9b31e4f9871e5bf8f4&amp;oe=5E052AB6\" alt=\"A imagem pode conter: 5 pessoas, pessoas sorrindo, pessoas em p\u00c3\u00a9 e atividades ao ar livre\" src=\"data:image\/svg+xml;base64,PHN2ZyB3aWR0aD0iMSIgaGVpZ2h0PSIxIiB4bWxucz0iaHR0cDovL3d3dy53My5vcmcvMjAwMC9zdmciPjwvc3ZnPg==\" class=\"lazyload\" \/><\/a><\/figure>\n\n\n\n<p>Mas o destino da banda \u00e9 mesmo ganhar o mundo e brilhar tamb\u00e9m longe de casa.<br>Foi assim, no \u00faltimo Domingo quando a Rio do Camar\u00e1 foi premiada com um trof\u00e9u por sua atua\u00e7\u00e3o que arrancou aplausos do p\u00fablico em S\u00e3o Jo\u00e3o do Tigre participando dos desfiles c\u00edvicos daquela cidade.<br>Parece que o c\u00e9u \u00e9 o limite para a banda que nasceu sob o signo do sucesso.<br><strong>F\u00c1BIO BRITO<\/strong><\/p>\n","protected":false},"excerpt":{"rendered":"<p>Recentemente criada na cidade de Camala\u00fa gra\u00e7as \u00e0 determina\u00e7\u00e3o do prefeito Sandro M\u00f4co e de toda a equipe da administra\u00e7\u00e3o municipal, a banda fanfarra Rio&hellip; <\/p>\n","protected":false},"author":1,"featured_media":114797,"comment_status":"closed","ping_status":"closed","sticky":false,"template":"","format":"standard","meta":{"sfsi_plus_gutenberg_text_before_share":"","sfsi_plus_gutenberg_show_text_before_share":"","sfsi_plus_gutenberg_icon_type":"","sfsi_plus_gutenberg_icon_alignemt":"","sfsi_plus_gutenburg_max_per_row":"","footnotes":""},"categories":[2],"tags":[],"class_list":["post-114795","post","type-post","status-publish","format-standard","has-post-thumbnail","hentry","category-geral"],"_links":{"self":[{"href":"https:\/\/www.caririemacao.com\/1\/wp-json\/wp\/v2\/posts\/114795","targetHints":{"allow":["GET"]}}],"collection":[{"href":"https:\/\/www.caririemacao.com\/1\/wp-json\/wp\/v2\/posts"}],"about":[{"href":"https:\/\/www.caririemacao.com\/1\/wp-json\/wp\/v2\/types\/post"}],"author":[{"embeddable":true,"href":"https:\/\/www.caririemacao.com\/1\/wp-json\/wp\/v2\/users\/1"}],"replies":[{"embeddable":true,"href":"https:\/\/www.caririemacao.com\/1\/wp-json\/wp\/v2\/comments?post=114795"}],"version-history":[{"count":1,"href":"https:\/\/www.caririemacao.com\/1\/wp-json\/wp\/v2\/posts\/114795\/revisions"}],"predecessor-version":[{"id":114798,"href":"https:\/\/www.caririemacao.com\/1\/wp-json\/wp\/v2\/posts\/114795\/revisions\/114798"}],"wp:featuredmedia":[{"embeddable":true,"href":"https:\/\/www.caririemacao.com\/1\/wp-json\/wp\/v2\/media\/114797"}],"wp:attachment":[{"href":"https:\/\/www.caririemacao.com\/1\/wp-json\/wp\/v2\/media?parent=114795"}],"wp:term":[{"taxonomy":"category","embeddable":true,"href":"https:\/\/www.caririemacao.com\/1\/wp-json\/wp\/v2\/categories?post=114795"},{"taxonomy":"post_tag","embeddable":true,"href":"https:\/\/www.caririemacao.com\/1\/wp-json\/wp\/v2\/tags?post=114795"}],"curies":[{"name":"wp","href":"https:\/\/api.w.org\/{rel}","templated":true}]}}