{"id":114807,"date":"2019-09-10T08:16:32","date_gmt":"2019-09-10T11:16:32","guid":{"rendered":"http:\/\/www.caririemacao.com\/1\/?p=114807"},"modified":"2019-09-10T08:16:32","modified_gmt":"2019-09-10T11:16:32","slug":"na-marra-nao-governador-e-presidente-da-alpb-avisam-que-nao-aceitam-ricardo-no-comando-do-psb-veja-a-carta","status":"publish","type":"post","link":"https:\/\/www.caririemacao.com\/1\/2019\/09\/10\/na-marra-nao-governador-e-presidente-da-alpb-avisam-que-nao-aceitam-ricardo-no-comando-do-psb-veja-a-carta\/","title":{"rendered":"Na marra n\u00e3o! Governador e presidente da ALPB avisam que n\u00e3o aceitam Ricardo no comando do PSB. Veja a carta"},"content":{"rendered":"\n<p>O governador Jo\u00e3o Azevedo e o presidente da Assembleia Legislativa, Adriano Galdino assinaram uma carta enviada \u00e0 dire\u00e7\u00e3o nacional do PSB para ser lida durante reuni\u00e3o ocorrida nesta segunda-feira (09) em Bras\u00edlia,&nbsp;&nbsp;classificando de anti-democr\u00e1tica destitui\u00e7\u00e3o do diret\u00f3rio estadual do partido.<br>No documento tamb\u00e9m \u00e9 rejeitada a substitui\u00e7\u00e3o do diret\u00f3rio por uma comiss\u00e3o provis\u00f3ria comandada pelo ex-governador Ricardo Coutinho.<br><\/p>\n\n\n\n<figure class=\"wp-block-image\"><img decoding=\"async\" data-src=\"https:\/\/paraibaonline.com.br\/wp-content\/uploads\/2019\/09\/carta-354x417.jpg\" alt=\"\" src=\"data:image\/svg+xml;base64,PHN2ZyB3aWR0aD0iMSIgaGVpZ2h0PSIxIiB4bWxucz0iaHR0cDovL3d3dy53My5vcmcvMjAwMC9zdmciPjwvc3ZnPg==\" class=\"lazyload\" style=\"--smush-placeholder-width: 354px; --smush-placeholder-aspect-ratio: 354\/417;\" \/><\/figure>\n\n\n\n<figure class=\"wp-block-image\"><img decoding=\"async\" data-src=\"https:\/\/paraibaonline.com.br\/wp-content\/uploads\/2019\/09\/carta-2-326x417.jpg\" alt=\"\" src=\"data:image\/svg+xml;base64,PHN2ZyB3aWR0aD0iMSIgaGVpZ2h0PSIxIiB4bWxucz0iaHR0cDovL3d3dy53My5vcmcvMjAwMC9zdmciPjwvc3ZnPg==\" class=\"lazyload\" style=\"--smush-placeholder-width: 326px; --smush-placeholder-aspect-ratio: 326\/417;\" \/><\/figure>\n\n\n\n<figure class=\"wp-block-image\"><img decoding=\"async\" data-src=\"https:\/\/paraibaonline.com.br\/wp-content\/uploads\/2019\/09\/carta-3-323x417.jpg\" alt=\"\" src=\"data:image\/svg+xml;base64,PHN2ZyB3aWR0aD0iMSIgaGVpZ2h0PSIxIiB4bWxucz0iaHR0cDovL3d3dy53My5vcmcvMjAwMC9zdmciPjwvc3ZnPg==\" class=\"lazyload\" style=\"--smush-placeholder-width: 323px; --smush-placeholder-aspect-ratio: 323\/417;\" \/><\/figure>\n\n\n\n<figure class=\"wp-block-image\"><img decoding=\"async\" data-src=\"https:\/\/paraibaonline.com.br\/wp-content\/uploads\/2019\/09\/carta-4-318x417.jpg\" alt=\"\" src=\"data:image\/svg+xml;base64,PHN2ZyB3aWR0aD0iMSIgaGVpZ2h0PSIxIiB4bWxucz0iaHR0cDovL3d3dy53My5vcmcvMjAwMC9zdmciPjwvc3ZnPg==\" class=\"lazyload\" style=\"--smush-placeholder-width: 318px; --smush-placeholder-aspect-ratio: 318\/417;\" \/><\/figure>\n","protected":false},"excerpt":{"rendered":"<p>O governador Jo\u00e3o Azevedo e o presidente da Assembleia Legislativa, Adriano Galdino assinaram uma carta enviada \u00e0 dire\u00e7\u00e3o nacional do PSB para ser lida durante&hellip; <\/p>\n","protected":false},"author":1,"featured_media":108528,"comment_status":"closed","ping_status":"closed","sticky":false,"template":"","format":"standard","meta":{"sfsi_plus_gutenberg_text_before_share":"","sfsi_plus_gutenberg_show_text_before_share":"","sfsi_plus_gutenberg_icon_type":"","sfsi_plus_gutenberg_icon_alignemt":"","sfsi_plus_gutenburg_max_per_row":"","footnotes":""},"categories":[2],"tags":[],"class_list":["post-114807","post","type-post","status-publish","format-standard","has-post-thumbnail","hentry","category-geral"],"_links":{"self":[{"href":"https:\/\/www.caririemacao.com\/1\/wp-json\/wp\/v2\/posts\/114807","targetHints":{"allow":["GET"]}}],"collection":[{"href":"https:\/\/www.caririemacao.com\/1\/wp-json\/wp\/v2\/posts"}],"about":[{"href":"https:\/\/www.caririemacao.com\/1\/wp-json\/wp\/v2\/types\/post"}],"author":[{"embeddable":true,"href":"https:\/\/www.caririemacao.com\/1\/wp-json\/wp\/v2\/users\/1"}],"replies":[{"embeddable":true,"href":"https:\/\/www.caririemacao.com\/1\/wp-json\/wp\/v2\/comments?post=114807"}],"version-history":[{"count":1,"href":"https:\/\/www.caririemacao.com\/1\/wp-json\/wp\/v2\/posts\/114807\/revisions"}],"predecessor-version":[{"id":114809,"href":"https:\/\/www.caririemacao.com\/1\/wp-json\/wp\/v2\/posts\/114807\/revisions\/114809"}],"wp:featuredmedia":[{"embeddable":true,"href":"https:\/\/www.caririemacao.com\/1\/wp-json\/wp\/v2\/media\/108528"}],"wp:attachment":[{"href":"https:\/\/www.caririemacao.com\/1\/wp-json\/wp\/v2\/media?parent=114807"}],"wp:term":[{"taxonomy":"category","embeddable":true,"href":"https:\/\/www.caririemacao.com\/1\/wp-json\/wp\/v2\/categories?post=114807"},{"taxonomy":"post_tag","embeddable":true,"href":"https:\/\/www.caririemacao.com\/1\/wp-json\/wp\/v2\/tags?post=114807"}],"curies":[{"name":"wp","href":"https:\/\/api.w.org\/{rel}","templated":true}]}}