{"id":114833,"date":"2019-09-10T08:25:53","date_gmt":"2019-09-10T11:25:53","guid":{"rendered":"http:\/\/www.caririemacao.com\/1\/?p=114833"},"modified":"2019-09-10T08:25:53","modified_gmt":"2019-09-10T11:25:53","slug":"livramento-adriano-leite-se-diz-traido-por-carmelita-ventura-e-anuncia-pre-candidatura-a-prefeito","status":"publish","type":"post","link":"https:\/\/www.caririemacao.com\/1\/2019\/09\/10\/livramento-adriano-leite-se-diz-traido-por-carmelita-ventura-e-anuncia-pre-candidatura-a-prefeito\/","title":{"rendered":"Livramento: Adriano Leite se diz tra\u00eddo por Carmelita Ventura e anuncia pr\u00e9-candidatura a prefeito"},"content":{"rendered":"\n<p>O vice-prefeito de Livramento, Adriano Leite, concedeu entrevista a Serra Branca FM e confirmou oficialmente sua pr\u00e9-candidatura a prefeito para as elei\u00e7\u00f5es do pr\u00f3ximo ano.<\/p>\n\n\n\n<p>Adriano Leite recentemente se filiou ao DEM e definiu a intens\u00e3o de disputar a prefeitura.<\/p>\n\n\n\n<p>\u201cFomos convidados pelo o Deputado Efraim Filho para o Democratas que vem nos dando toda autonomia para disputarmos. Livramento precisa de avan\u00e7ar em muitos aspectos, aproveitar os filhos da terra que tem compet\u00eancia e pra isso estamos colocando nosso nome\u201d, disse Adriano.<\/p>\n\n\n\n<p><strong>ROMPIMENTO<\/strong><\/p>\n\n\n\n<p>Perguntado sobre o distanciamento com a prefeita Carmelita Ventura, Adriano disse que se sente tra\u00eddo pela gestora, pois a mesma o teria convidado para ser o candidato do grupo e depois anunciou outro nome.<\/p>\n\n\n\n<p>\u201cEla me chamou no anivers\u00e1rio dela e me convidou para ser o candidato a prefeito do grupo. A filha da prefeita tamb\u00e9m referendou meu nome naquele momento. Depois das elei\u00e7\u00f5es estaduais tudo come\u00e7ou a ficar diferente e ela anunciou outro nome como seu candidato\u201d disse.<\/p>\n","protected":false},"excerpt":{"rendered":"<p>O vice-prefeito de Livramento, Adriano Leite, concedeu entrevista a Serra Branca FM e confirmou oficialmente sua pr\u00e9-candidatura a prefeito para as elei\u00e7\u00f5es do pr\u00f3ximo ano.&hellip; <\/p>\n","protected":false},"author":1,"featured_media":114835,"comment_status":"closed","ping_status":"closed","sticky":false,"template":"","format":"standard","meta":{"sfsi_plus_gutenberg_text_before_share":"","sfsi_plus_gutenberg_show_text_before_share":"","sfsi_plus_gutenberg_icon_type":"","sfsi_plus_gutenberg_icon_alignemt":"","sfsi_plus_gutenburg_max_per_row":"","footnotes":""},"categories":[2],"tags":[],"class_list":["post-114833","post","type-post","status-publish","format-standard","has-post-thumbnail","hentry","category-geral"],"_links":{"self":[{"href":"https:\/\/www.caririemacao.com\/1\/wp-json\/wp\/v2\/posts\/114833","targetHints":{"allow":["GET"]}}],"collection":[{"href":"https:\/\/www.caririemacao.com\/1\/wp-json\/wp\/v2\/posts"}],"about":[{"href":"https:\/\/www.caririemacao.com\/1\/wp-json\/wp\/v2\/types\/post"}],"author":[{"embeddable":true,"href":"https:\/\/www.caririemacao.com\/1\/wp-json\/wp\/v2\/users\/1"}],"replies":[{"embeddable":true,"href":"https:\/\/www.caririemacao.com\/1\/wp-json\/wp\/v2\/comments?post=114833"}],"version-history":[{"count":1,"href":"https:\/\/www.caririemacao.com\/1\/wp-json\/wp\/v2\/posts\/114833\/revisions"}],"predecessor-version":[{"id":114836,"href":"https:\/\/www.caririemacao.com\/1\/wp-json\/wp\/v2\/posts\/114833\/revisions\/114836"}],"wp:featuredmedia":[{"embeddable":true,"href":"https:\/\/www.caririemacao.com\/1\/wp-json\/wp\/v2\/media\/114835"}],"wp:attachment":[{"href":"https:\/\/www.caririemacao.com\/1\/wp-json\/wp\/v2\/media?parent=114833"}],"wp:term":[{"taxonomy":"category","embeddable":true,"href":"https:\/\/www.caririemacao.com\/1\/wp-json\/wp\/v2\/categories?post=114833"},{"taxonomy":"post_tag","embeddable":true,"href":"https:\/\/www.caririemacao.com\/1\/wp-json\/wp\/v2\/tags?post=114833"}],"curies":[{"name":"wp","href":"https:\/\/api.w.org\/{rel}","templated":true}]}}