{"id":114859,"date":"2019-09-10T08:35:31","date_gmt":"2019-09-10T11:35:31","guid":{"rendered":"http:\/\/www.caririemacao.com\/1\/?p=114859"},"modified":"2019-09-10T08:35:31","modified_gmt":"2019-09-10T11:35:31","slug":"iniciada-votacao-para-escolha-da-musa-do-campeonato-de-futebol-amador-do-municipio-de-caraubas","status":"publish","type":"post","link":"https:\/\/www.caririemacao.com\/1\/2019\/09\/10\/iniciada-votacao-para-escolha-da-musa-do-campeonato-de-futebol-amador-do-municipio-de-caraubas\/","title":{"rendered":"Iniciada vota\u00e7\u00e3o para escolha da musa do campeonato de futebol amador do munic\u00edpio de Cara\u00fabas"},"content":{"rendered":"\n<p><\/p>\n\n\n\n<p>A Prefeitura Municipal de Cara\u00fabas atrav\u00e9s da SETur &#8211; Secretaria do Turismo, da Cultura, do Desporto e do Lazer inicia nesta segunda-feira, dia 9 de Setembro, o processo de escolha da musa do campeonato de futebol amador, edi\u00e7\u00e3o 2019.<br>\nEstar\u00e3o concorrendo 13(treze) candidatas ao t\u00edtulo de musa do campeonato. A escolha das garotas concorrentes foram feitas pelos pr\u00f3prios clubes participantes. A vota\u00e7\u00e3o come\u00e7a nesta segunda-feira e vai at\u00e9 o dia 22 de Setembro quando ser\u00e1 anunciada a vencedora.<br>\nLembramos que s\u00f3 valer\u00e3o as curtidas nas fotos das candidatas, sendo vetada mensagens, compartilhamentos, emocions, emojs e qualquer outro tipo de coment\u00e1rio. A cada curtida na foto da candidata valer\u00e1 um ponto. Alertamos que s\u00f3 ser\u00e3o computados os votos das curtidas feitas exclusivamente na Fan Page da Prefeitura Municipal de Cara\u00fabas.<br>\nA vencedora receber\u00e1 um pr\u00eamio de R$ 300,00 (Trezentos Reais) que dever\u00e1 ser entregue logo ap\u00f3s o encerramento da vota\u00e7\u00e3o e apura\u00e7\u00e3o das curtidas realizadas na p\u00e1gina oficial da Prefeitura Municipal de Cara\u00fabas.<br>\nDesejamos boa sorte as candidatas e aproveitem para curtir a beleza das mulheres caraubenses! Boa sorte a todas.<\/p>\n","protected":false},"excerpt":{"rendered":"<p>A Prefeitura Municipal de Cara\u00fabas atrav\u00e9s da SETur &#8211; Secretaria do Turismo, da Cultura, do Desporto e do Lazer inicia nesta segunda-feira, dia 9 de&hellip; <\/p>\n","protected":false},"author":1,"featured_media":105818,"comment_status":"closed","ping_status":"closed","sticky":false,"template":"","format":"standard","meta":{"sfsi_plus_gutenberg_text_before_share":"","sfsi_plus_gutenberg_show_text_before_share":"","sfsi_plus_gutenberg_icon_type":"","sfsi_plus_gutenberg_icon_alignemt":"","sfsi_plus_gutenburg_max_per_row":"","footnotes":""},"categories":[13],"tags":[],"class_list":["post-114859","post","type-post","status-publish","format-standard","has-post-thumbnail","hentry","category-esportes"],"_links":{"self":[{"href":"https:\/\/www.caririemacao.com\/1\/wp-json\/wp\/v2\/posts\/114859","targetHints":{"allow":["GET"]}}],"collection":[{"href":"https:\/\/www.caririemacao.com\/1\/wp-json\/wp\/v2\/posts"}],"about":[{"href":"https:\/\/www.caririemacao.com\/1\/wp-json\/wp\/v2\/types\/post"}],"author":[{"embeddable":true,"href":"https:\/\/www.caririemacao.com\/1\/wp-json\/wp\/v2\/users\/1"}],"replies":[{"embeddable":true,"href":"https:\/\/www.caririemacao.com\/1\/wp-json\/wp\/v2\/comments?post=114859"}],"version-history":[{"count":1,"href":"https:\/\/www.caririemacao.com\/1\/wp-json\/wp\/v2\/posts\/114859\/revisions"}],"predecessor-version":[{"id":114862,"href":"https:\/\/www.caririemacao.com\/1\/wp-json\/wp\/v2\/posts\/114859\/revisions\/114862"}],"wp:featuredmedia":[{"embeddable":true,"href":"https:\/\/www.caririemacao.com\/1\/wp-json\/wp\/v2\/media\/105818"}],"wp:attachment":[{"href":"https:\/\/www.caririemacao.com\/1\/wp-json\/wp\/v2\/media?parent=114859"}],"wp:term":[{"taxonomy":"category","embeddable":true,"href":"https:\/\/www.caririemacao.com\/1\/wp-json\/wp\/v2\/categories?post=114859"},{"taxonomy":"post_tag","embeddable":true,"href":"https:\/\/www.caririemacao.com\/1\/wp-json\/wp\/v2\/tags?post=114859"}],"curies":[{"name":"wp","href":"https:\/\/api.w.org\/{rel}","templated":true}]}}