{"id":114873,"date":"2019-09-10T08:37:22","date_gmt":"2019-09-10T11:37:22","guid":{"rendered":"http:\/\/www.caririemacao.com\/1\/?p=114873"},"modified":"2019-09-10T08:37:22","modified_gmt":"2019-09-10T11:37:22","slug":"tite-pensa-em-modificacoes-no-amistoso-contra-o-peru","status":"publish","type":"post","link":"https:\/\/www.caririemacao.com\/1\/2019\/09\/10\/tite-pensa-em-modificacoes-no-amistoso-contra-o-peru\/","title":{"rendered":"Tite pensa em modifica\u00e7\u00f5es no amistoso contra o Peru"},"content":{"rendered":"\n<p>A Sele\u00e7\u00e3o Brasileira de Futebol se prepara para enfrentar o Peru pela terceira vez em 2019. Foram dois confrontos durante a Copa Am\u00e9rica e duas vit\u00f3rias da equipe comandada por Tite. O t\u00e9cnico da sele\u00e7\u00e3o brasileira pensa em fazer algumas mudan\u00e7as em rela\u00e7\u00e3o ao time que come\u00e7ou a partida contra a Col\u00f4mbia, na \u00faltima sexta-feira (6). O resultado foi um empate em 2 a 2, com gols de Casemiro e Neymar. \u201cSabendo da grandeza do jogo, de repetir final de Copa Am\u00e9rica, a ideia \u00e9 manter a estrutura b\u00e1sica, mas com modifica\u00e7\u00f5es sim. Quero manter a estrutura da equipe, para um reencontro com a devida competitividade. Pode ser em torno de quatro atletas\u201d, observou Tite.<\/p>\n\n\n\n<p>\u201cO Peru cresceu muito nas eliminat\u00f3rias. Cresceu como equipe. Se consolidou. Gareca tem feito grande trabalho. Vai ser um grande jogo de novo. Pode perder algumas pe\u00e7as, o Guerrero, mas h\u00e1 outros jogadores com qualidade. Mant\u00e9m-se a estrutura b\u00e1sica da equipe\u201d, acrescentou Tite.<\/p>\n\n\n\n<p>Depois de vencer os peruanos por 5 a 0 e 3 a 1 na Copa Am\u00e9rica 2019, o \u00faltimo resultado na final da competi\u00e7\u00e3o, o t\u00e9cnico Tite sabe que para os peruanos pode haver um sentimento de revanche.<\/p>\n\n\n\n<p>\u201cSe eu estivesse do outro lado, teria esse sentimento de revanche, mas com lealdade. N\u00e3o tem por que dar porrada. Quero jogar para mostrar que sou melhor. Se fosse o contr\u00e1rio, tamb\u00e9m teria. Como se faz de forma leal, \u00e9 outra hist\u00f3ria. \u00c9 salutar. Leva press\u00e3o\u201d, afirmou.<\/p>\n\n\n\n<p>A partida contra o Peru ser\u00e1 \u00e0 meia-noite desta ter\u00e7a-feira (10), hor\u00e1rio de Bras\u00edlia. O jogo ser\u00e1 disputado no Los Angeles Memorial Coliseum, nos Estados Unidos.<\/p>\n","protected":false},"excerpt":{"rendered":"<p>A Sele\u00e7\u00e3o Brasileira de Futebol se prepara para enfrentar o Peru pela terceira vez em 2019. Foram dois confrontos durante a Copa Am\u00e9rica e duas&hellip; <\/p>\n","protected":false},"author":1,"featured_media":114875,"comment_status":"closed","ping_status":"closed","sticky":false,"template":"","format":"standard","meta":{"sfsi_plus_gutenberg_text_before_share":"","sfsi_plus_gutenberg_show_text_before_share":"","sfsi_plus_gutenberg_icon_type":"","sfsi_plus_gutenberg_icon_alignemt":"","sfsi_plus_gutenburg_max_per_row":"","footnotes":""},"categories":[13],"tags":[],"class_list":["post-114873","post","type-post","status-publish","format-standard","has-post-thumbnail","hentry","category-esportes"],"_links":{"self":[{"href":"https:\/\/www.caririemacao.com\/1\/wp-json\/wp\/v2\/posts\/114873","targetHints":{"allow":["GET"]}}],"collection":[{"href":"https:\/\/www.caririemacao.com\/1\/wp-json\/wp\/v2\/posts"}],"about":[{"href":"https:\/\/www.caririemacao.com\/1\/wp-json\/wp\/v2\/types\/post"}],"author":[{"embeddable":true,"href":"https:\/\/www.caririemacao.com\/1\/wp-json\/wp\/v2\/users\/1"}],"replies":[{"embeddable":true,"href":"https:\/\/www.caririemacao.com\/1\/wp-json\/wp\/v2\/comments?post=114873"}],"version-history":[{"count":1,"href":"https:\/\/www.caririemacao.com\/1\/wp-json\/wp\/v2\/posts\/114873\/revisions"}],"predecessor-version":[{"id":114876,"href":"https:\/\/www.caririemacao.com\/1\/wp-json\/wp\/v2\/posts\/114873\/revisions\/114876"}],"wp:featuredmedia":[{"embeddable":true,"href":"https:\/\/www.caririemacao.com\/1\/wp-json\/wp\/v2\/media\/114875"}],"wp:attachment":[{"href":"https:\/\/www.caririemacao.com\/1\/wp-json\/wp\/v2\/media?parent=114873"}],"wp:term":[{"taxonomy":"category","embeddable":true,"href":"https:\/\/www.caririemacao.com\/1\/wp-json\/wp\/v2\/categories?post=114873"},{"taxonomy":"post_tag","embeddable":true,"href":"https:\/\/www.caririemacao.com\/1\/wp-json\/wp\/v2\/tags?post=114873"}],"curies":[{"name":"wp","href":"https:\/\/api.w.org\/{rel}","templated":true}]}}