{"id":114885,"date":"2019-09-10T08:46:59","date_gmt":"2019-09-10T11:46:59","guid":{"rendered":"http:\/\/www.caririemacao.com\/1\/?p=114885"},"modified":"2019-09-10T08:46:59","modified_gmt":"2019-09-10T11:46:59","slug":"mppb-promove-discussao-sobre-controle-pesquisa-e-prescricao-de-canabidiol-na-paraiba","status":"publish","type":"post","link":"https:\/\/www.caririemacao.com\/1\/2019\/09\/10\/mppb-promove-discussao-sobre-controle-pesquisa-e-prescricao-de-canabidiol-na-paraiba\/","title":{"rendered":"MPPB promove discuss\u00e3o sobre controle, pesquisa e prescri\u00e7\u00e3o de Canabidiol na Para\u00edba"},"content":{"rendered":"\n<p>O Minist\u00e9rio P\u00fablico da Para\u00edba (MPPB) promoveu uma reuni\u00e3o, nesta segunda-feira (9),&nbsp;com representantes de institui\u00e7\u00f5es envolvidas com o controle, produ\u00e7\u00e3o e distribui\u00e7\u00e3o de Canabidiol, no Estado. O objetivo principal foi discutir a necessidade de um acompanhamento mais efetivo do plantio de maconha autorizado pela Justi\u00e7a para a produ\u00e7\u00e3o do medicamento, pelos \u00f3rg\u00e3os de Seguran\u00e7a P\u00fablica. Tamb\u00e9m foram discutidos o fomento \u00e0 pesquisa e a promo\u00e7\u00e3o do conhecimento sobre a terapia, principalmente, entre os m\u00e9dicos.<br><\/p>\n\n\n\n<p>A reuni\u00e3o aconteceu na sede do MPPB, tendo sido conduzida pelo promotor de Justi\u00e7a Raniere da Silva Dantas, coordenador do Centro Operacional de Apoio \u00e0s Promotorias da Sa\u00fade, Meio Ambiente e Consumidor.&nbsp;<\/p>\n\n\n\n<p>Segundo promotor, os&nbsp;membros da Liga Can\u00e1bica da Para\u00edba procurou o Minist\u00e9rio P\u00fablico, preocupados com a falta de controle dessa produ\u00e7\u00e3o e tamb\u00e9m temerosos de que a pol\u00edcia, no trabalho de repress\u00e3o do dia a dia, se deparasse com o plantio para produ\u00e7\u00e3o de medicamento e n\u00e3o compreendesse a atua\u00e7\u00e3o dos envolvidos.<\/p>\n\n\n\n<p>\u201cA Secretaria de Seguran\u00e7a P\u00fablica ir\u00e1 se reunir com os representantes da Abrace, a associa\u00e7\u00e3o autorizada pela Justi\u00e7a para plantar a erva e distribuir o medicamento, a fim de ter um controle maior das pessoas e dos locais autorizados a plantarem e a distribu\u00edrem, de acordo com a decis\u00e3o da Justi\u00e7a. Tamb\u00e9m ser\u00e1 realizado um evento multidisciplinar, cuja organiza\u00e7\u00e3o ficou a cargo do CRM, para discutir com m\u00e9dicos e outros interessados a prescri\u00e7\u00e3o do medicamento. Tamb\u00e9m discutimos o fomento \u00e0 pesquisa, a UFPB est\u00e1 aguardando a autoriza\u00e7\u00e3o da Anvisa para dar o encaminhamento, o que est\u00e1 sendo objeto de aprecia\u00e7\u00e3o pelo MPF\u201d, explicou o promotor.<\/p>\n\n\n\n<p>Al\u00e9m do representante do Minist\u00e9rio P\u00fablico, participaram da reuni\u00e3o Lamarck Victor Dorato (representante da Secretaria de Seguran\u00e7a P\u00fablica e Defesa Social); Kl\u00e9cius Leite Fernandes (CRM); Jaciara Alc\u00e2ntara, Julia Vieira, Luc\u00edlio Silva Felipe Santos (da Secretaria de Estado da Sa\u00fade \u2013 SES); Andr\u00e9 Carvalho, Maria Martins e Sheila Geriz (da Liga Can\u00e1bica) e Cassiano Teixeira (da Abrace Esperan\u00e7a).<\/p>\n","protected":false},"excerpt":{"rendered":"<p>O Minist\u00e9rio P\u00fablico da Para\u00edba (MPPB) promoveu uma reuni\u00e3o, nesta segunda-feira (9),&nbsp;com representantes de institui\u00e7\u00f5es envolvidas com o controle, produ\u00e7\u00e3o e distribui\u00e7\u00e3o de Canabidiol, no&hellip; <\/p>\n","protected":false},"author":1,"featured_media":114887,"comment_status":"closed","ping_status":"closed","sticky":false,"template":"","format":"standard","meta":{"sfsi_plus_gutenberg_text_before_share":"","sfsi_plus_gutenberg_show_text_before_share":"","sfsi_plus_gutenberg_icon_type":"","sfsi_plus_gutenberg_icon_alignemt":"","sfsi_plus_gutenburg_max_per_row":"","footnotes":""},"categories":[2],"tags":[],"class_list":["post-114885","post","type-post","status-publish","format-standard","has-post-thumbnail","hentry","category-geral"],"_links":{"self":[{"href":"https:\/\/www.caririemacao.com\/1\/wp-json\/wp\/v2\/posts\/114885","targetHints":{"allow":["GET"]}}],"collection":[{"href":"https:\/\/www.caririemacao.com\/1\/wp-json\/wp\/v2\/posts"}],"about":[{"href":"https:\/\/www.caririemacao.com\/1\/wp-json\/wp\/v2\/types\/post"}],"author":[{"embeddable":true,"href":"https:\/\/www.caririemacao.com\/1\/wp-json\/wp\/v2\/users\/1"}],"replies":[{"embeddable":true,"href":"https:\/\/www.caririemacao.com\/1\/wp-json\/wp\/v2\/comments?post=114885"}],"version-history":[{"count":1,"href":"https:\/\/www.caririemacao.com\/1\/wp-json\/wp\/v2\/posts\/114885\/revisions"}],"predecessor-version":[{"id":114888,"href":"https:\/\/www.caririemacao.com\/1\/wp-json\/wp\/v2\/posts\/114885\/revisions\/114888"}],"wp:featuredmedia":[{"embeddable":true,"href":"https:\/\/www.caririemacao.com\/1\/wp-json\/wp\/v2\/media\/114887"}],"wp:attachment":[{"href":"https:\/\/www.caririemacao.com\/1\/wp-json\/wp\/v2\/media?parent=114885"}],"wp:term":[{"taxonomy":"category","embeddable":true,"href":"https:\/\/www.caririemacao.com\/1\/wp-json\/wp\/v2\/categories?post=114885"},{"taxonomy":"post_tag","embeddable":true,"href":"https:\/\/www.caririemacao.com\/1\/wp-json\/wp\/v2\/tags?post=114885"}],"curies":[{"name":"wp","href":"https:\/\/api.w.org\/{rel}","templated":true}]}}