{"id":114893,"date":"2019-09-10T08:49:44","date_gmt":"2019-09-10T11:49:44","guid":{"rendered":"http:\/\/www.caririemacao.com\/1\/?p=114893"},"modified":"2019-09-10T08:49:44","modified_gmt":"2019-09-10T11:49:44","slug":"carteira-estudantil-digital-e-gratuita-comeca-a-ser-emitida-em-90-dias","status":"publish","type":"post","link":"https:\/\/www.caririemacao.com\/1\/2019\/09\/10\/carteira-estudantil-digital-e-gratuita-comeca-a-ser-emitida-em-90-dias\/","title":{"rendered":"Carteira estudantil digital e gratuita come\u00e7a a ser emitida em 90 dias"},"content":{"rendered":"\n<p>A carteira estudantil digital come\u00e7ar\u00e1 a ser emitida em 90 dias e ser\u00e1 ofertada nas lojas Google Play e Apple Store. Com o documento, os estudantes v\u00e3o poder pagar meia-entrada em shows, cinema, teatro e outros eventos culturais. O prazo come\u00e7a a contar desta segunda-feira&nbsp;(9), com a publica\u00e7\u00e3o da medida provis\u00f3ria (MP) que disp\u00f5e sobre o pagamento de meia-entrada no Di\u00e1rio Oficial da Uni\u00e3o. As informa\u00e7\u00f5es s\u00e3o da Ag\u00eancia Brasil.<\/p>\n\n\n\n<p>O estudante que solicitar a carteira digital ter\u00e1 que consentir com o compartilhamento dos dados cadastrais e pessoais com o Minist\u00e9rio da Educa\u00e7\u00e3o (MEC) para subsidiar o Sistema Educacional Brasileiro &#8211; o novo banco de dados nacional dos alunos, a ser criado e mantido pela pasta.<\/p>\n\n\n\n<p>O MEC poder\u00e1 usar essas informa\u00e7\u00f5es apenas para formula\u00e7\u00e3o, implementa\u00e7\u00e3o, execu\u00e7\u00e3o, avalia\u00e7\u00e3o e monitoramento de pol\u00edticas p\u00fablicas. O sigilo dos dados pessoais deve ser garantido sempre que poss\u00edvel.<\/p>\n\n\n\n<p>O estudante com idade igual ou superior a 18 anos e o respons\u00e1vel legal pelo aluno menor de idade responder\u00e3o pelas informa\u00e7\u00f5es autodeclaradas e estar\u00e3o sujeitos \u00e0s san\u00e7\u00f5es administrativas, c\u00edveis e penais previstas em lei na hip\u00f3tese de fraude.<\/p>\n\n\n\n<p>De acordo com a MP, a carteirinha digital poder\u00e1 ser emitida pelo MEC; pela Associa\u00e7\u00e3o Nacional de P\u00f3s-Graduandos; pela Uni\u00e3o Nacional dos Estudantes (UNE); pela Uni\u00e3o Brasileira dos Estudantes Secundaristas (Ubes); por entidades estudantis estaduais, municipais e distritais; diret\u00f3rios centrais dos estudantes; centros e diret\u00f3rios acad\u00eamicos e outras entidades de ensino e associa\u00e7\u00f5es representativas dos estudantes, conforme definido em ato do ministro da Educa\u00e7\u00e3o.<\/p>\n\n\n\n<p>O MEC poder\u00e1 ainda firmar contrato ou instrumento cong\u00eanere com a Caixa Econ\u00f4mica Federal para emiss\u00e3o gratuita ao estudante do modelo f\u00edsico da carteira de identifica\u00e7\u00e3o estudantil.<\/p>\n\n\n\n<p>Segundo a MP, a nova carteira estudantil f\u00edsica solicitada em um ano ser\u00e1 v\u00e1lida at\u00e9 31 de mar\u00e7o do ano seguinte e a digital, enquanto o aluno permanecer matriculado em estabelecimento que forne\u00e7a os n\u00edveis e as modalidades de educa\u00e7\u00e3o e ensino. O documento perder\u00e1 a validade quando o estudante se desvincular do estabelecimento.<\/p>\n","protected":false},"excerpt":{"rendered":"<p>A carteira estudantil digital come\u00e7ar\u00e1 a ser emitida em 90 dias e ser\u00e1 ofertada nas lojas Google Play e Apple Store. Com o documento, os&hellip; <\/p>\n","protected":false},"author":1,"featured_media":114895,"comment_status":"closed","ping_status":"closed","sticky":false,"template":"","format":"standard","meta":{"sfsi_plus_gutenberg_text_before_share":"","sfsi_plus_gutenberg_show_text_before_share":"","sfsi_plus_gutenberg_icon_type":"","sfsi_plus_gutenberg_icon_alignemt":"","sfsi_plus_gutenburg_max_per_row":"","footnotes":""},"categories":[2],"tags":[],"class_list":["post-114893","post","type-post","status-publish","format-standard","has-post-thumbnail","hentry","category-geral"],"_links":{"self":[{"href":"https:\/\/www.caririemacao.com\/1\/wp-json\/wp\/v2\/posts\/114893","targetHints":{"allow":["GET"]}}],"collection":[{"href":"https:\/\/www.caririemacao.com\/1\/wp-json\/wp\/v2\/posts"}],"about":[{"href":"https:\/\/www.caririemacao.com\/1\/wp-json\/wp\/v2\/types\/post"}],"author":[{"embeddable":true,"href":"https:\/\/www.caririemacao.com\/1\/wp-json\/wp\/v2\/users\/1"}],"replies":[{"embeddable":true,"href":"https:\/\/www.caririemacao.com\/1\/wp-json\/wp\/v2\/comments?post=114893"}],"version-history":[{"count":1,"href":"https:\/\/www.caririemacao.com\/1\/wp-json\/wp\/v2\/posts\/114893\/revisions"}],"predecessor-version":[{"id":114896,"href":"https:\/\/www.caririemacao.com\/1\/wp-json\/wp\/v2\/posts\/114893\/revisions\/114896"}],"wp:featuredmedia":[{"embeddable":true,"href":"https:\/\/www.caririemacao.com\/1\/wp-json\/wp\/v2\/media\/114895"}],"wp:attachment":[{"href":"https:\/\/www.caririemacao.com\/1\/wp-json\/wp\/v2\/media?parent=114893"}],"wp:term":[{"taxonomy":"category","embeddable":true,"href":"https:\/\/www.caririemacao.com\/1\/wp-json\/wp\/v2\/categories?post=114893"},{"taxonomy":"post_tag","embeddable":true,"href":"https:\/\/www.caririemacao.com\/1\/wp-json\/wp\/v2\/tags?post=114893"}],"curies":[{"name":"wp","href":"https:\/\/api.w.org\/{rel}","templated":true}]}}