{"id":114903,"date":"2019-09-10T08:51:49","date_gmt":"2019-09-10T11:51:49","guid":{"rendered":"http:\/\/www.caririemacao.com\/1\/?p=114903"},"modified":"2019-09-10T08:51:49","modified_gmt":"2019-09-10T11:51:49","slug":"procuradores-denunciam-lula-e-irmao-sob-acusacao-de-corrupcao-em-sp","status":"publish","type":"post","link":"https:\/\/www.caririemacao.com\/1\/2019\/09\/10\/procuradores-denunciam-lula-e-irmao-sob-acusacao-de-corrupcao-em-sp\/","title":{"rendered":"Procuradores denunciam Lula e irm\u00e3o sob acusa\u00e7\u00e3o de corrup\u00e7\u00e3o em SP"},"content":{"rendered":"\n<p>A for\u00e7a-tarefa da Lava Jato em S\u00e3o Paulo denunciou nesta segunda-feira (9) o ex-presidente Lula e um dos irm\u00e3os dele, Jos\u00e9 Ferreira da Silva, sob acusa\u00e7\u00e3o de corrup\u00e7\u00e3o passiva continuada.<\/p>\n\n\n\n<p>Segundo a acusa\u00e7\u00e3o, o valor total chega a R$ 1,1 milh\u00e3o, divididos em repasses de R$ 3.000 a R$ 5.000 ao longo do per\u00edodo. Tamb\u00e9m s\u00e3o denunciados Alexandrino Alencar, delator e ex-executivo considerado elo da Odebrecht com Lula, Em\u00edlio Odebrecht, patriarca do grupo, e Marcelo Odebrecht, ex-presidente do conglomerado empresarial.<\/p>\n\n\n\n<p>O ex-presidente tem negado ter recebido vantagens relatadas na dela\u00e7\u00e3o da Odebrecht, homologada em 2017.<\/p>\n\n\n\n<p>A defesa vem afirmando que ele tem sido alvo de persegui\u00e7\u00e3o judicial em processos no Paran\u00e1, S\u00e3o Paulo e no Distrito Federal.<\/p>\n","protected":false},"excerpt":{"rendered":"<p>A for\u00e7a-tarefa da Lava Jato em S\u00e3o Paulo denunciou nesta segunda-feira (9) o ex-presidente Lula e um dos irm\u00e3os dele, Jos\u00e9 Ferreira da Silva, sob&hellip; <\/p>\n","protected":false},"author":1,"featured_media":112186,"comment_status":"closed","ping_status":"closed","sticky":false,"template":"","format":"standard","meta":{"sfsi_plus_gutenberg_text_before_share":"","sfsi_plus_gutenberg_show_text_before_share":"","sfsi_plus_gutenberg_icon_type":"","sfsi_plus_gutenberg_icon_alignemt":"","sfsi_plus_gutenburg_max_per_row":"","footnotes":""},"categories":[2],"tags":[],"class_list":["post-114903","post","type-post","status-publish","format-standard","has-post-thumbnail","hentry","category-geral"],"_links":{"self":[{"href":"https:\/\/www.caririemacao.com\/1\/wp-json\/wp\/v2\/posts\/114903","targetHints":{"allow":["GET"]}}],"collection":[{"href":"https:\/\/www.caririemacao.com\/1\/wp-json\/wp\/v2\/posts"}],"about":[{"href":"https:\/\/www.caririemacao.com\/1\/wp-json\/wp\/v2\/types\/post"}],"author":[{"embeddable":true,"href":"https:\/\/www.caririemacao.com\/1\/wp-json\/wp\/v2\/users\/1"}],"replies":[{"embeddable":true,"href":"https:\/\/www.caririemacao.com\/1\/wp-json\/wp\/v2\/comments?post=114903"}],"version-history":[{"count":1,"href":"https:\/\/www.caririemacao.com\/1\/wp-json\/wp\/v2\/posts\/114903\/revisions"}],"predecessor-version":[{"id":114905,"href":"https:\/\/www.caririemacao.com\/1\/wp-json\/wp\/v2\/posts\/114903\/revisions\/114905"}],"wp:featuredmedia":[{"embeddable":true,"href":"https:\/\/www.caririemacao.com\/1\/wp-json\/wp\/v2\/media\/112186"}],"wp:attachment":[{"href":"https:\/\/www.caririemacao.com\/1\/wp-json\/wp\/v2\/media?parent=114903"}],"wp:term":[{"taxonomy":"category","embeddable":true,"href":"https:\/\/www.caririemacao.com\/1\/wp-json\/wp\/v2\/categories?post=114903"},{"taxonomy":"post_tag","embeddable":true,"href":"https:\/\/www.caririemacao.com\/1\/wp-json\/wp\/v2\/tags?post=114903"}],"curies":[{"name":"wp","href":"https:\/\/api.w.org\/{rel}","templated":true}]}}