{"id":114924,"date":"2019-09-10T09:49:52","date_gmt":"2019-09-10T12:49:52","guid":{"rendered":"http:\/\/www.caririemacao.com\/1\/?p=114924"},"modified":"2019-09-10T09:49:52","modified_gmt":"2019-09-10T12:49:52","slug":"divulgado-resultado-de-prova-objetiva-para-professor-da-paraiba-confira-o-resultado","status":"publish","type":"post","link":"https:\/\/www.caririemacao.com\/1\/2019\/09\/10\/divulgado-resultado-de-prova-objetiva-para-professor-da-paraiba-confira-o-resultado\/","title":{"rendered":"Divulgado resultado de prova objetiva para professor da Para\u00edba; CONFIRA O RESULTADO"},"content":{"rendered":"\n<div class=\"wp-block-image\"><figure class=\"aligncenter\"><img decoding=\"async\" data-src=\"http:\/\/deolhonocariri.com.br\/wp-content\/uploads\/2017\/05\/Concurso-incentiva-alunos-a-desenvolver-projetos-para-melhoria-de-suas-comunidades-600x400.jpg\" alt=\"\" class=\"wp-image-39738 lazyload\" src=\"data:image\/svg+xml;base64,PHN2ZyB3aWR0aD0iMSIgaGVpZ2h0PSIxIiB4bWxucz0iaHR0cDovL3d3dy53My5vcmcvMjAwMC9zdmciPjwvc3ZnPg==\" style=\"--smush-placeholder-width: 600px; --smush-placeholder-aspect-ratio: 600\/400;\" \/><\/figure><\/div>\n\n\n\n<p>O Governo divulgou, nesta ter\u00e7a-feira (10), o resultado definitivo do concurso para professor da rede estadual de ensino. A lista foi publicada hoje no&nbsp;<a href=\"https:\/\/auniao.pb.gov.br\/servicos\/arquivo-digital\/doe\/2019\/setembro\/diario-oficial-10-09-2019.pdf\">Di\u00e1rio Oficial do Estado<\/a>&nbsp;(DOE).<\/p>\n\n\n\n<p>Participar\u00e3o da pr\u00f3xima etapa os candidatos inscritos e aprovados no cargo de professor de educa\u00e7\u00e3o b\u00e1sica III das regionais de ensino.<\/p>\n\n\n\n<p>Os convocados dever\u00e3o preencher o formul\u00e1rio de cadastro de t\u00edtulos e experi\u00eancia profissional no site do<a href=\"http:\/\/institutoaocp.org.br\/\">&nbsp;Instituto AOCP<\/a>, organizador do concurso, em um per\u00edodo que vai dessa quarta-feira (11) e at\u00e9 o dia 18 de setembro. No mesmo endere\u00e7o tamb\u00e9m estar\u00e3o dispon\u00edveis por dez dias as respostas aos recursos interpostos pelos candidatos.<\/p>\n\n\n\n<p>As provas do concurso foram aplicadas no dia 21 de julho, em Jo\u00e3o Pessoa e em outras 13 cidades da Para\u00edba. S\u00e3o oferecidas mil vagas para 13 disciplinas nas 14 Ger\u00eancias Regionais de Ensino&nbsp; da Para\u00edba.<\/p>\n","protected":false},"excerpt":{"rendered":"<p>O Governo divulgou, nesta ter\u00e7a-feira (10), o resultado definitivo do concurso para professor da rede estadual de ensino. A lista foi publicada hoje no&nbsp;Di\u00e1rio Oficial&hellip; <\/p>\n","protected":false},"author":1,"featured_media":13400,"comment_status":"closed","ping_status":"closed","sticky":false,"template":"","format":"standard","meta":{"sfsi_plus_gutenberg_text_before_share":"","sfsi_plus_gutenberg_show_text_before_share":"","sfsi_plus_gutenberg_icon_type":"","sfsi_plus_gutenberg_icon_alignemt":"","sfsi_plus_gutenburg_max_per_row":"","footnotes":""},"categories":[2],"tags":[],"class_list":["post-114924","post","type-post","status-publish","format-standard","has-post-thumbnail","hentry","category-geral"],"_links":{"self":[{"href":"https:\/\/www.caririemacao.com\/1\/wp-json\/wp\/v2\/posts\/114924","targetHints":{"allow":["GET"]}}],"collection":[{"href":"https:\/\/www.caririemacao.com\/1\/wp-json\/wp\/v2\/posts"}],"about":[{"href":"https:\/\/www.caririemacao.com\/1\/wp-json\/wp\/v2\/types\/post"}],"author":[{"embeddable":true,"href":"https:\/\/www.caririemacao.com\/1\/wp-json\/wp\/v2\/users\/1"}],"replies":[{"embeddable":true,"href":"https:\/\/www.caririemacao.com\/1\/wp-json\/wp\/v2\/comments?post=114924"}],"version-history":[{"count":1,"href":"https:\/\/www.caririemacao.com\/1\/wp-json\/wp\/v2\/posts\/114924\/revisions"}],"predecessor-version":[{"id":114925,"href":"https:\/\/www.caririemacao.com\/1\/wp-json\/wp\/v2\/posts\/114924\/revisions\/114925"}],"wp:featuredmedia":[{"embeddable":true,"href":"https:\/\/www.caririemacao.com\/1\/wp-json\/wp\/v2\/media\/13400"}],"wp:attachment":[{"href":"https:\/\/www.caririemacao.com\/1\/wp-json\/wp\/v2\/media?parent=114924"}],"wp:term":[{"taxonomy":"category","embeddable":true,"href":"https:\/\/www.caririemacao.com\/1\/wp-json\/wp\/v2\/categories?post=114924"},{"taxonomy":"post_tag","embeddable":true,"href":"https:\/\/www.caririemacao.com\/1\/wp-json\/wp\/v2\/tags?post=114924"}],"curies":[{"name":"wp","href":"https:\/\/api.w.org\/{rel}","templated":true}]}}