{"id":114938,"date":"2019-09-10T10:09:53","date_gmt":"2019-09-10T13:09:53","guid":{"rendered":"http:\/\/www.caririemacao.com\/1\/?p=114938"},"modified":"2019-09-10T10:09:53","modified_gmt":"2019-09-10T13:09:53","slug":"producao-industrial-recua-em-oito-dos-15-locais-pesquisados-em-julho","status":"publish","type":"post","link":"https:\/\/www.caririemacao.com\/1\/2019\/09\/10\/producao-industrial-recua-em-oito-dos-15-locais-pesquisados-em-julho\/","title":{"rendered":"Produ\u00e7\u00e3o industrial recua em oito dos 15 locais pesquisados em julho"},"content":{"rendered":"\n<p>A produ\u00e7\u00e3o da ind\u00fastria caiu em oito dos 15 locais pesquisados pelo Instituto Brasileiro de Geografia e Estat\u00edstica (IBGE), de julho para agosto deste ano, seguindo a tend\u00eancia nacional, j\u00e1 que a produ\u00e7\u00e3o nacional recuou 0,3%. As maiores quedas foram observadas no Amazonas (-6,2%) e em Pernambuco (-3,9%).<\/p>\n\n\n\n<p>Tamb\u00e9m tiveram queda na produ\u00e7\u00e3o a Regi\u00e3o Nordeste (-2,6%) e os estados do Rio Grande do Sul (-2,4%), Cear\u00e1 (-1,5%), S\u00e3o Paulo (-1,4%), Bahia (-1,3%) e Santa Catarina (-0,3%).<\/p>\n\n\n\n<p>Por outro lado, sete estados tiveram alta na produ\u00e7\u00e3o: Rio de Janeiro (6,8%), Mato Grosso (5,5%), Paran\u00e1 (2%), Goi\u00e1s (1,7%), Esp\u00edrito Santo (1,7%), Par\u00e1 (0,5%) e Minas Gerais (0,3%).<\/p>\n\n\n\n<p>Na compara\u00e7\u00e3o com julho do ano passado, oito locais tiveram alta na produ\u00e7\u00e3o, com destaque para Paran\u00e1 e Rio de Janeiro (ambos com 4,8%), e sete apresentaram recuo, entre as quais a maior foi apresentada pelo Esp\u00edrito Santo (-14,2%).<\/p>\n\n\n\n<p>No acumulado do ano, dez dos 15 locais pesquisados tiveram queda, entre eles Esp\u00edrito Santo (-12,2%) e Minas Gerais (-4,7%). J\u00e1 Paran\u00e1, com crescimento de 7,2%, e Rio Grande do Sul, com avan\u00e7o de 6,9%, estiveram entre os cinco estados com alta na produ\u00e7\u00e3o.<\/p>\n\n\n\n<p>No acumulado de 12 meses, nove dos quinze locais pesquisados mostraram taxas negativas, com destaque para Esp\u00edrito Santo (-5,9%), enquanto seis locais tiveram alta, sendo a maior delas no Rio Grande do Sul (8,4%).<\/p>\n","protected":false},"excerpt":{"rendered":"<p>A produ\u00e7\u00e3o da ind\u00fastria caiu em oito dos 15 locais pesquisados pelo Instituto Brasileiro de Geografia e Estat\u00edstica (IBGE), de julho para agosto deste ano,&hellip; <\/p>\n","protected":false},"author":1,"featured_media":114943,"comment_status":"closed","ping_status":"closed","sticky":false,"template":"","format":"standard","meta":{"sfsi_plus_gutenberg_text_before_share":"","sfsi_plus_gutenberg_show_text_before_share":"","sfsi_plus_gutenberg_icon_type":"","sfsi_plus_gutenberg_icon_alignemt":"","sfsi_plus_gutenburg_max_per_row":"","footnotes":""},"categories":[2],"tags":[],"class_list":["post-114938","post","type-post","status-publish","format-standard","has-post-thumbnail","hentry","category-geral"],"_links":{"self":[{"href":"https:\/\/www.caririemacao.com\/1\/wp-json\/wp\/v2\/posts\/114938","targetHints":{"allow":["GET"]}}],"collection":[{"href":"https:\/\/www.caririemacao.com\/1\/wp-json\/wp\/v2\/posts"}],"about":[{"href":"https:\/\/www.caririemacao.com\/1\/wp-json\/wp\/v2\/types\/post"}],"author":[{"embeddable":true,"href":"https:\/\/www.caririemacao.com\/1\/wp-json\/wp\/v2\/users\/1"}],"replies":[{"embeddable":true,"href":"https:\/\/www.caririemacao.com\/1\/wp-json\/wp\/v2\/comments?post=114938"}],"version-history":[{"count":1,"href":"https:\/\/www.caririemacao.com\/1\/wp-json\/wp\/v2\/posts\/114938\/revisions"}],"predecessor-version":[{"id":114944,"href":"https:\/\/www.caririemacao.com\/1\/wp-json\/wp\/v2\/posts\/114938\/revisions\/114944"}],"wp:featuredmedia":[{"embeddable":true,"href":"https:\/\/www.caririemacao.com\/1\/wp-json\/wp\/v2\/media\/114943"}],"wp:attachment":[{"href":"https:\/\/www.caririemacao.com\/1\/wp-json\/wp\/v2\/media?parent=114938"}],"wp:term":[{"taxonomy":"category","embeddable":true,"href":"https:\/\/www.caririemacao.com\/1\/wp-json\/wp\/v2\/categories?post=114938"},{"taxonomy":"post_tag","embeddable":true,"href":"https:\/\/www.caririemacao.com\/1\/wp-json\/wp\/v2\/tags?post=114938"}],"curies":[{"name":"wp","href":"https:\/\/api.w.org\/{rel}","templated":true}]}}