{"id":114952,"date":"2019-09-10T10:12:30","date_gmt":"2019-09-10T13:12:30","guid":{"rendered":"http:\/\/www.caririemacao.com\/1\/?p=114952"},"modified":"2019-09-10T10:12:30","modified_gmt":"2019-09-10T13:12:30","slug":"safra-de-graos-deve-fechar-2019-com-crescimento-de-59-diz-ibge","status":"publish","type":"post","link":"https:\/\/www.caririemacao.com\/1\/2019\/09\/10\/safra-de-graos-deve-fechar-2019-com-crescimento-de-59-diz-ibge\/","title":{"rendered":"Safra de gr\u00e3os deve fechar 2019 com crescimento de 5,9% , diz IBGE"},"content":{"rendered":"\n<p>A produ\u00e7\u00e3o brasileira de cereais, leguminosas e oleaginosas deve fechar 2019 com um crescimento de 5,9% em rela\u00e7\u00e3o ao ano anterior. De acordo com o Levantamento Sistem\u00e1tico da Produ\u00e7\u00e3o Agr\u00edcola (LSPA), realizado em agosto pelo Instituto Brasileiro de Geografia e Estat\u00edstica (IBGE), o pa\u00eds deve ter uma safra recorde de 239,8 milh\u00f5es de toneladas neste ano, ou seja, 13,3 milh\u00f5es a mais do que em 2018.<\/p>\n\n\n\n<p>No levantamento anterior, realizado em julho, a estimativa era um pouco menor, de 239,7 milh\u00f5es de toneladas, ou 5,8% a mais do que no ano anterior.<\/p>\n\n\n\n<p>De acordo com o IBGE, a alta de 5,9% deve ser puxada pela produ\u00e7\u00e3o de milho, que deve crescer 21,5% em rela\u00e7\u00e3o ao ano anterior. As outras duas grandes lavouras de gr\u00e3os devem ter queda: soja (-3,9%) e arroz (-12,7%).<\/p>\n\n\n\n<p>Entre as outras lavouras de gr\u00e3os em que se estima produ\u00e7\u00e3o acima de 1 milh\u00e3o de toneladas, dever\u00e3o fechar o ano com alta o algod\u00e3o (32,4%), o sorgo (13,9%) e o trigo (9,5%). O feij\u00e3o, por outro lado, deve ter queda de 1,1% no ano.<\/p>\n\n\n\n<h2 class=\"wp-block-heading\">Outros produtos<\/h2>\n\n\n\n<p>O LSPA tamb\u00e9m estima a produ\u00e7\u00e3o de outros produtos agr\u00edcolas importantes. A maior lavoura do pa\u00eds, a de cana-de-a\u00e7\u00facar, deve ter queda de 1,4%. Tamb\u00e9m s\u00e3o esperados recuos nas produ\u00e7\u00f5es de caf\u00e9 (-13%), laranja (-1%), tomate (-4,3%) e uva (-10,5%). Por outro lado, s\u00e3o esperados avan\u00e7os nas produ\u00e7\u00f5es de banana (3,8%), batata-inglesa (0,8%) e mandioca (4,1%).<\/p>\n","protected":false},"excerpt":{"rendered":"<p>A produ\u00e7\u00e3o brasileira de cereais, leguminosas e oleaginosas deve fechar 2019 com um crescimento de 5,9% em rela\u00e7\u00e3o ao ano anterior. De acordo com o&hellip; <\/p>\n","protected":false},"author":1,"featured_media":23164,"comment_status":"closed","ping_status":"closed","sticky":false,"template":"","format":"standard","meta":{"sfsi_plus_gutenberg_text_before_share":"","sfsi_plus_gutenberg_show_text_before_share":"","sfsi_plus_gutenberg_icon_type":"","sfsi_plus_gutenberg_icon_alignemt":"","sfsi_plus_gutenburg_max_per_row":"","footnotes":""},"categories":[2],"tags":[],"class_list":["post-114952","post","type-post","status-publish","format-standard","has-post-thumbnail","hentry","category-geral"],"_links":{"self":[{"href":"https:\/\/www.caririemacao.com\/1\/wp-json\/wp\/v2\/posts\/114952","targetHints":{"allow":["GET"]}}],"collection":[{"href":"https:\/\/www.caririemacao.com\/1\/wp-json\/wp\/v2\/posts"}],"about":[{"href":"https:\/\/www.caririemacao.com\/1\/wp-json\/wp\/v2\/types\/post"}],"author":[{"embeddable":true,"href":"https:\/\/www.caririemacao.com\/1\/wp-json\/wp\/v2\/users\/1"}],"replies":[{"embeddable":true,"href":"https:\/\/www.caririemacao.com\/1\/wp-json\/wp\/v2\/comments?post=114952"}],"version-history":[{"count":1,"href":"https:\/\/www.caririemacao.com\/1\/wp-json\/wp\/v2\/posts\/114952\/revisions"}],"predecessor-version":[{"id":114955,"href":"https:\/\/www.caririemacao.com\/1\/wp-json\/wp\/v2\/posts\/114952\/revisions\/114955"}],"wp:featuredmedia":[{"embeddable":true,"href":"https:\/\/www.caririemacao.com\/1\/wp-json\/wp\/v2\/media\/23164"}],"wp:attachment":[{"href":"https:\/\/www.caririemacao.com\/1\/wp-json\/wp\/v2\/media?parent=114952"}],"wp:term":[{"taxonomy":"category","embeddable":true,"href":"https:\/\/www.caririemacao.com\/1\/wp-json\/wp\/v2\/categories?post=114952"},{"taxonomy":"post_tag","embeddable":true,"href":"https:\/\/www.caririemacao.com\/1\/wp-json\/wp\/v2\/tags?post=114952"}],"curies":[{"name":"wp","href":"https:\/\/api.w.org\/{rel}","templated":true}]}}