{"id":114980,"date":"2019-09-10T10:19:47","date_gmt":"2019-09-10T13:19:47","guid":{"rendered":"http:\/\/www.caririemacao.com\/1\/?p=114980"},"modified":"2019-09-10T10:19:47","modified_gmt":"2019-09-10T13:19:47","slug":"mecanico-e-assassinado-a-tiros-em-oficina-na-paraiba","status":"publish","type":"post","link":"https:\/\/www.caririemacao.com\/1\/2019\/09\/10\/mecanico-e-assassinado-a-tiros-em-oficina-na-paraiba\/","title":{"rendered":"Mec\u00e2nico \u00e9 assassinado a tiros em oficina na Para\u00edba"},"content":{"rendered":"\n<p>Um mec\u00e2nico foi assassinado a tiros, na manh\u00e3 desta ter\u00e7a-feira(10), na cidade de Catol\u00e9 do Rocha, na Para\u00edba.&nbsp;Francisco Alves de Melo, de 54 anos estava na oficina mec\u00e2nica quando foi surpreendido por homens armados que chegaram atirando.&nbsp;<\/p>\n\n\n\n<p>A v\u00edtima foi atingida por um disparo na regi\u00e3o tor\u00e1cica. Ele foi socorrido para o Hospital&nbsp;Regional Dr. Am\u00e9rico Maia de Vasconcelos por\u00e9m n\u00e3o resistiu aos ferimentos e morreu na unidade de sa\u00fade.&nbsp;<\/p>\n\n\n\n<p>A Pol\u00edcia Militar foi acionada mas os suspeitos n\u00e3o foram presos. A causa do homic\u00eddio ainda s\u00e3o desconhecidas.&nbsp;<\/p>\n","protected":false},"excerpt":{"rendered":"<p>Um mec\u00e2nico foi assassinado a tiros, na manh\u00e3 desta ter\u00e7a-feira(10), na cidade de Catol\u00e9 do Rocha, na Para\u00edba.&nbsp;Francisco Alves de Melo, de 54 anos estava&hellip; <\/p>\n","protected":false},"author":1,"featured_media":114982,"comment_status":"closed","ping_status":"closed","sticky":false,"template":"","format":"standard","meta":{"sfsi_plus_gutenberg_text_before_share":"","sfsi_plus_gutenberg_show_text_before_share":"","sfsi_plus_gutenberg_icon_type":"","sfsi_plus_gutenberg_icon_alignemt":"","sfsi_plus_gutenburg_max_per_row":"","footnotes":""},"categories":[12],"tags":[],"class_list":["post-114980","post","type-post","status-publish","format-standard","has-post-thumbnail","hentry","category-policia"],"_links":{"self":[{"href":"https:\/\/www.caririemacao.com\/1\/wp-json\/wp\/v2\/posts\/114980","targetHints":{"allow":["GET"]}}],"collection":[{"href":"https:\/\/www.caririemacao.com\/1\/wp-json\/wp\/v2\/posts"}],"about":[{"href":"https:\/\/www.caririemacao.com\/1\/wp-json\/wp\/v2\/types\/post"}],"author":[{"embeddable":true,"href":"https:\/\/www.caririemacao.com\/1\/wp-json\/wp\/v2\/users\/1"}],"replies":[{"embeddable":true,"href":"https:\/\/www.caririemacao.com\/1\/wp-json\/wp\/v2\/comments?post=114980"}],"version-history":[{"count":1,"href":"https:\/\/www.caririemacao.com\/1\/wp-json\/wp\/v2\/posts\/114980\/revisions"}],"predecessor-version":[{"id":114983,"href":"https:\/\/www.caririemacao.com\/1\/wp-json\/wp\/v2\/posts\/114980\/revisions\/114983"}],"wp:featuredmedia":[{"embeddable":true,"href":"https:\/\/www.caririemacao.com\/1\/wp-json\/wp\/v2\/media\/114982"}],"wp:attachment":[{"href":"https:\/\/www.caririemacao.com\/1\/wp-json\/wp\/v2\/media?parent=114980"}],"wp:term":[{"taxonomy":"category","embeddable":true,"href":"https:\/\/www.caririemacao.com\/1\/wp-json\/wp\/v2\/categories?post=114980"},{"taxonomy":"post_tag","embeddable":true,"href":"https:\/\/www.caririemacao.com\/1\/wp-json\/wp\/v2\/tags?post=114980"}],"curies":[{"name":"wp","href":"https:\/\/api.w.org\/{rel}","templated":true}]}}