{"id":114992,"date":"2019-09-10T10:22:40","date_gmt":"2019-09-10T13:22:40","guid":{"rendered":"http:\/\/www.caririemacao.com\/1\/?p=114992"},"modified":"2019-09-10T10:22:40","modified_gmt":"2019-09-10T13:22:40","slug":"filho-de-bolsonaro-pais-nao-tera-transformacao-rapida-por-vias-democraticas","status":"publish","type":"post","link":"https:\/\/www.caririemacao.com\/1\/2019\/09\/10\/filho-de-bolsonaro-pais-nao-tera-transformacao-rapida-por-vias-democraticas\/","title":{"rendered":"Filho de Bolsonaro: pa\u00eds n\u00e3o ter\u00e1 transforma\u00e7\u00e3o r\u00e1pida por vias democr\u00e1ticas"},"content":{"rendered":"\n<p>&nbsp;O vereador Carlos Bolsonaro (PSC-RJ), filho do presidente Jair Bolsonaro (PSL), escreveu nesta segunda-feira (9) em seu perfil no Twitter que, por \u201cvias democr\u00e1ticas\u201d, n\u00e3o haver\u00e1 as mudan\u00e7as r\u00e1pidas desejadas no pa\u00eds.<\/p>\n\n\n\n<p>\u201cPor vias democr\u00e1ticas a transforma\u00e7\u00e3o que o Brasil quer n\u00e3o acontecer\u00e1 na velocidade que almejamos\u2026 e se isso acontecer. S\u00f3 vejo todo dia a roda girando em torno do pr\u00f3prio eixo e os que sempre nos dominaram continuam nos dominando de jeitos diferentes!\u201d, escreveu Carlos.<\/p>\n\n\n\n<p>Apontado como respons\u00e1vel pela estrat\u00e9gia do presidente nas redes sociais, Carlos provocou turbul\u00eancias no primeiro semestre ap\u00f3s ataques a integrantes do governo do pai, mas vinha evitando pol\u00eamicas nos \u00faltimos meses.<\/p>\n\n\n\n<p>O presidente Jair Bolsonaro est\u00e1 internado em um hospital de S\u00e3o Paulo ap\u00f3s passar por cirurgia no domingo (8), a quarta decorrente da facada que levou h\u00e1 um ano durante ato de campanha em Juiz de Fora (MG). O vice-presidente, general Hamilton Mour\u00e3o, ficar\u00e1 no comando da Presid\u00eancia at\u00e9 quinta-feira (12).<\/p>\n\n\n\n<p>Antes de escrever que n\u00e3o haver\u00e1 transforma\u00e7\u00f5es r\u00e1pidas no pa\u00eds por vias democr\u00e1ticas, Carlos afirmou que o atual governo tenta colocar o Brasil \u201cnos eixos\u201d, mas que os \u201cavan\u00e7os s\u00e3o ignorados, e os malfeitores esquecidos\u201d.<\/p>\n\n\n\n<p>A postagem de Carlos repercutiu rapidamente entre seus seguidores. Parte dos internautas encarou a manifesta\u00e7\u00e3o como um apoio a um modo autorit\u00e1rio de governo.<\/p>\n\n\n\n<p>A influ\u00eancia de Carlos no governo Bolsonaro foi motivo de cr\u00edticas no come\u00e7o do ano de pol\u00edticos e de alguns militares ligados \u00e0 administra\u00e7\u00e3o federal.<\/p>\n\n\n\n<p>Em um dos epis\u00f3dios mais ruidosos, em meio \u00e0 crise das candidatas laranjas do PSL reveladas pela Folha de S.Paulo, Carlos divulgou em seu perfil no Twitter uma grava\u00e7\u00e3o de seu pai indicando que o presidente n\u00e3o havia conversado com o ent\u00e3o ministro da Secretaria-Geral da Presid\u00eancia, Gustavo Bebianno, diferentemente do que este havia dito.<\/p>\n\n\n\n<p>Chamado de mentiroso por Carlos e depois pelo pr\u00f3prio presidente, Bebianno acabou demitido.<\/p>\n\n\n\n<p>Ligado ideologicamente ao escritor Olavo de Carvalho, Carlos tamb\u00e9m centrou ataques a Mour\u00e3o e ao general Santos Cruz, ministro da Secretaria de Governo que foi demitido em junho.<\/p>\n\n\n\n<p>Jair Bolsonaro chegou a defender seu filho em mar\u00e7o, afirmando que h\u00e1 pessoas que querem afast\u00e1-los, mas \u201cn\u00e3o conseguir\u00e3o\u201d.<\/p>\n\n\n\n<p>Junto com a mensagem, na ocasi\u00e3o, publicou uma foto em que \u00e9 amparado por Carlos no corredor de hospital.<\/p>\n\n\n\n<p>\u201cAlgumas pessoas foram muito importantes em minha campanha. Por\u00e9m, uma se destacou \u00e0 frente das m\u00eddias sociais, com sugest\u00f5es e conte\u00fados: Carlos Bolsonaro, meu filho. N\u00e3o por acaso muitos, que nada ou nunca fizeram para o Brasil, querem afast\u00e1-lo de mim\u201d, escreveu Bolsonaro.<\/p>\n\n\n\n<p>\u201cN\u00e3o conseguir\u00e3o: estando ou n\u00e3o em Bras\u00edlia continuarei ouvindo suas sugest\u00f5es, n\u00e3o por ser um filho que criei, mas por ser tamb\u00e9m algu\u00e9m que aprendi a admirar e respeitar pelo seu trabalho e dedica\u00e7\u00e3o\u201d, concluiu.<\/p>\n","protected":false},"excerpt":{"rendered":"<p>&nbsp;O vereador Carlos Bolsonaro (PSC-RJ), filho do presidente Jair Bolsonaro (PSL), escreveu nesta segunda-feira (9) em seu perfil no Twitter que, por \u201cvias democr\u00e1ticas\u201d, n\u00e3o&hellip; <\/p>\n","protected":false},"author":1,"featured_media":75615,"comment_status":"closed","ping_status":"closed","sticky":false,"template":"","format":"standard","meta":{"sfsi_plus_gutenberg_text_before_share":"","sfsi_plus_gutenberg_show_text_before_share":"","sfsi_plus_gutenberg_icon_type":"","sfsi_plus_gutenberg_icon_alignemt":"","sfsi_plus_gutenburg_max_per_row":"","footnotes":""},"categories":[11],"tags":[],"class_list":["post-114992","post","type-post","status-publish","format-standard","has-post-thumbnail","hentry","category-politica"],"_links":{"self":[{"href":"https:\/\/www.caririemacao.com\/1\/wp-json\/wp\/v2\/posts\/114992","targetHints":{"allow":["GET"]}}],"collection":[{"href":"https:\/\/www.caririemacao.com\/1\/wp-json\/wp\/v2\/posts"}],"about":[{"href":"https:\/\/www.caririemacao.com\/1\/wp-json\/wp\/v2\/types\/post"}],"author":[{"embeddable":true,"href":"https:\/\/www.caririemacao.com\/1\/wp-json\/wp\/v2\/users\/1"}],"replies":[{"embeddable":true,"href":"https:\/\/www.caririemacao.com\/1\/wp-json\/wp\/v2\/comments?post=114992"}],"version-history":[{"count":1,"href":"https:\/\/www.caririemacao.com\/1\/wp-json\/wp\/v2\/posts\/114992\/revisions"}],"predecessor-version":[{"id":114994,"href":"https:\/\/www.caririemacao.com\/1\/wp-json\/wp\/v2\/posts\/114992\/revisions\/114994"}],"wp:featuredmedia":[{"embeddable":true,"href":"https:\/\/www.caririemacao.com\/1\/wp-json\/wp\/v2\/media\/75615"}],"wp:attachment":[{"href":"https:\/\/www.caririemacao.com\/1\/wp-json\/wp\/v2\/media?parent=114992"}],"wp:term":[{"taxonomy":"category","embeddable":true,"href":"https:\/\/www.caririemacao.com\/1\/wp-json\/wp\/v2\/categories?post=114992"},{"taxonomy":"post_tag","embeddable":true,"href":"https:\/\/www.caririemacao.com\/1\/wp-json\/wp\/v2\/tags?post=114992"}],"curies":[{"name":"wp","href":"https:\/\/api.w.org\/{rel}","templated":true}]}}