{"id":115003,"date":"2019-09-10T10:35:36","date_gmt":"2019-09-10T13:35:36","guid":{"rendered":"http:\/\/www.caririemacao.com\/1\/?p=115003"},"modified":"2019-09-10T10:35:36","modified_gmt":"2019-09-10T13:35:36","slug":"xuxa-vira-alvo-e-polemiza-ao-publicar-deus-nos-livre-sobre-volta-do-pt-em-2022","status":"publish","type":"post","link":"https:\/\/www.caririemacao.com\/1\/2019\/09\/10\/xuxa-vira-alvo-e-polemiza-ao-publicar-deus-nos-livre-sobre-volta-do-pt-em-2022\/","title":{"rendered":"Xuxa vira alvo e polemiza ao publicar \u2018Deus nos livre\u2019 sobre volta do PT em 2022"},"content":{"rendered":"\n<p>&nbsp;A apresentadora Xuxa Meneghel, 56, entrou em uma pol\u00eamica na internet ao expressar rep\u00fadio ao PT (Partido dos Trabalhadores) em publica\u00e7\u00e3o nas redes sociais. A frase \u2018Deus nos livre\u2019 em refer\u00eancia a uma poss\u00edvel volta do partido nas elei\u00e7\u00f5es de 2022 a fez ser alvo de elogios e de ofensas.<\/p>\n\n\n\n<p>Tudo come\u00e7ou em uma postagem do jornalista Leo Dias que repercutia a fala da rep\u00f3rter Titi M\u00fcller, 32, durante um festival, ao vivo, no Multishow. Titi brincou com a m\u00fasica \u201cVai Dar PT\u201d, de L\u00e9o Santana, ap\u00f3s show no Festival Festeja, que passou por Fortaleza e Belo Horizonte nos \u00faltimos dias. Na fala, Titi disse que seria uma profecia para 2022. \u201cVai dar PT. Maravilhoso\u201d.<\/p>\n\n\n\n<p>Ao comentar a frase, Xuxa escreveu: \u201cDeus nos livre e guarde\u201d. Rapidamente uma enxurrada de coment\u00e1rios abaixo da frase tornava Xuxa um alvo. Uma parte era de elogios pelo posicionamento pol\u00edtico, e a outra mostrava raiva.<\/p>\n\n\n\n<p>\u201cMaravilhosa\u201d, escreveu uma seguidora. \u201cConcordo com voc\u00ea, minha rainha\u201d, disse outra. \u201cRainha s\u00e1bia\u201d, opinou um outro seguidor.<\/p>\n\n\n\n<p>Por\u00e9m, houve quem pensasse diferente e que usasse de palavras mais pesadas para criticar a vis\u00e3o de Xuxa. \u201cEu te amo, mas de boa, sai dessa bolha que voc\u00ea vive e vem conhecer o mundo real, onde as pessoas n\u00e3o t\u00eam nem o que comer\u201d, escreveu uma seguidora. \u201cEu queria entender a mentalidade da elite desse pa\u00eds\u201d, publicou outro. \u201cDeus nos livre de voc\u00ea\u201d, falou um terceiro.<\/p>\n","protected":false},"excerpt":{"rendered":"<p>&nbsp;A apresentadora Xuxa Meneghel, 56, entrou em uma pol\u00eamica na internet ao expressar rep\u00fadio ao PT (Partido dos Trabalhadores) em publica\u00e7\u00e3o nas redes sociais. A&hellip; <\/p>\n","protected":false},"author":1,"featured_media":115005,"comment_status":"closed","ping_status":"closed","sticky":false,"template":"","format":"standard","meta":{"sfsi_plus_gutenberg_text_before_share":"","sfsi_plus_gutenberg_show_text_before_share":"","sfsi_plus_gutenberg_icon_type":"","sfsi_plus_gutenberg_icon_alignemt":"","sfsi_plus_gutenburg_max_per_row":"","footnotes":""},"categories":[2],"tags":[],"class_list":["post-115003","post","type-post","status-publish","format-standard","has-post-thumbnail","hentry","category-geral"],"_links":{"self":[{"href":"https:\/\/www.caririemacao.com\/1\/wp-json\/wp\/v2\/posts\/115003","targetHints":{"allow":["GET"]}}],"collection":[{"href":"https:\/\/www.caririemacao.com\/1\/wp-json\/wp\/v2\/posts"}],"about":[{"href":"https:\/\/www.caririemacao.com\/1\/wp-json\/wp\/v2\/types\/post"}],"author":[{"embeddable":true,"href":"https:\/\/www.caririemacao.com\/1\/wp-json\/wp\/v2\/users\/1"}],"replies":[{"embeddable":true,"href":"https:\/\/www.caririemacao.com\/1\/wp-json\/wp\/v2\/comments?post=115003"}],"version-history":[{"count":1,"href":"https:\/\/www.caririemacao.com\/1\/wp-json\/wp\/v2\/posts\/115003\/revisions"}],"predecessor-version":[{"id":115006,"href":"https:\/\/www.caririemacao.com\/1\/wp-json\/wp\/v2\/posts\/115003\/revisions\/115006"}],"wp:featuredmedia":[{"embeddable":true,"href":"https:\/\/www.caririemacao.com\/1\/wp-json\/wp\/v2\/media\/115005"}],"wp:attachment":[{"href":"https:\/\/www.caririemacao.com\/1\/wp-json\/wp\/v2\/media?parent=115003"}],"wp:term":[{"taxonomy":"category","embeddable":true,"href":"https:\/\/www.caririemacao.com\/1\/wp-json\/wp\/v2\/categories?post=115003"},{"taxonomy":"post_tag","embeddable":true,"href":"https:\/\/www.caririemacao.com\/1\/wp-json\/wp\/v2\/tags?post=115003"}],"curies":[{"name":"wp","href":"https:\/\/api.w.org\/{rel}","templated":true}]}}