{"id":115015,"date":"2019-09-10T11:14:05","date_gmt":"2019-09-10T14:14:05","guid":{"rendered":"http:\/\/www.caririemacao.com\/1\/?p=115015"},"modified":"2019-09-10T11:14:05","modified_gmt":"2019-09-10T14:14:05","slug":"confirmado-o-20o-caso-de-malaria-na-paraiba","status":"publish","type":"post","link":"https:\/\/www.caririemacao.com\/1\/2019\/09\/10\/confirmado-o-20o-caso-de-malaria-na-paraiba\/","title":{"rendered":"Confirmado o 20\u00ba caso de mal\u00e1ria na Para\u00edba"},"content":{"rendered":"\n<p>\u00a0O Hospital Universit\u00e1rio Lauro Wanderley (HU) confirmou nesta ter\u00e7a-feira (10), o 20\u00ba caso de mal\u00e1ria, na Para\u00edba. A paciente, de 21 anos \u00e9 moradora do munic\u00edpio do Conde e deu entrada na unidade de sa\u00fade no dia 31 de agosto.<\/p>\n\n\n\n<p>Ainda de acordo com o hospital, a mulher recebeu tratamento adequado e&nbsp;apresenta estado de sa\u00fade est\u00e1vel. Ela deve receber alta ainda nesta ter\u00e7a.<\/p>\n\n\n\n<p>Todos os casos registrados&nbsp;s\u00e3o de pessoas residentes do munic\u00edpio do Conde, al\u00e9m de uma venezuelana que tamb\u00e9m passou pelo HU, por\u00e9m o caso dela foi tratado como importado, pois a v\u00edtima n\u00e3o adquiriu a doen\u00e7a no estado.<\/p>\n","protected":false},"excerpt":{"rendered":"<p>\u00a0O Hospital Universit\u00e1rio Lauro Wanderley (HU) confirmou nesta ter\u00e7a-feira (10), o 20\u00ba caso de mal\u00e1ria, na Para\u00edba. A paciente, de 21 anos \u00e9 moradora do&hellip; <\/p>\n","protected":false},"author":1,"featured_media":102082,"comment_status":"closed","ping_status":"closed","sticky":false,"template":"","format":"standard","meta":{"sfsi_plus_gutenberg_text_before_share":"","sfsi_plus_gutenberg_show_text_before_share":"","sfsi_plus_gutenberg_icon_type":"","sfsi_plus_gutenberg_icon_alignemt":"","sfsi_plus_gutenburg_max_per_row":"","footnotes":""},"categories":[16],"tags":[],"class_list":["post-115015","post","type-post","status-publish","format-standard","has-post-thumbnail","hentry","category-saude"],"_links":{"self":[{"href":"https:\/\/www.caririemacao.com\/1\/wp-json\/wp\/v2\/posts\/115015","targetHints":{"allow":["GET"]}}],"collection":[{"href":"https:\/\/www.caririemacao.com\/1\/wp-json\/wp\/v2\/posts"}],"about":[{"href":"https:\/\/www.caririemacao.com\/1\/wp-json\/wp\/v2\/types\/post"}],"author":[{"embeddable":true,"href":"https:\/\/www.caririemacao.com\/1\/wp-json\/wp\/v2\/users\/1"}],"replies":[{"embeddable":true,"href":"https:\/\/www.caririemacao.com\/1\/wp-json\/wp\/v2\/comments?post=115015"}],"version-history":[{"count":1,"href":"https:\/\/www.caririemacao.com\/1\/wp-json\/wp\/v2\/posts\/115015\/revisions"}],"predecessor-version":[{"id":115017,"href":"https:\/\/www.caririemacao.com\/1\/wp-json\/wp\/v2\/posts\/115015\/revisions\/115017"}],"wp:featuredmedia":[{"embeddable":true,"href":"https:\/\/www.caririemacao.com\/1\/wp-json\/wp\/v2\/media\/102082"}],"wp:attachment":[{"href":"https:\/\/www.caririemacao.com\/1\/wp-json\/wp\/v2\/media?parent=115015"}],"wp:term":[{"taxonomy":"category","embeddable":true,"href":"https:\/\/www.caririemacao.com\/1\/wp-json\/wp\/v2\/categories?post=115015"},{"taxonomy":"post_tag","embeddable":true,"href":"https:\/\/www.caririemacao.com\/1\/wp-json\/wp\/v2\/tags?post=115015"}],"curies":[{"name":"wp","href":"https:\/\/api.w.org\/{rel}","templated":true}]}}