{"id":115024,"date":"2019-09-10T11:17:14","date_gmt":"2019-09-10T14:17:14","guid":{"rendered":"http:\/\/www.caririemacao.com\/1\/?p=115024"},"modified":"2019-09-10T11:17:14","modified_gmt":"2019-09-10T14:17:14","slug":"prefeitos-anunciam-saida-do-psb-e-partido-pode-sofrer-debandada","status":"publish","type":"post","link":"https:\/\/www.caririemacao.com\/1\/2019\/09\/10\/prefeitos-anunciam-saida-do-psb-e-partido-pode-sofrer-debandada\/","title":{"rendered":"Prefeitos anunciam sa\u00edda do PSB e partido pode sofrer debandada"},"content":{"rendered":"\n<figure class=\"wp-block-image\"><img decoding=\"async\" data-src=\"http:\/\/www.blogdobrunolira.com.br\/wp-content\/uploads\/2019\/09\/psb12.jpg\" alt=\"\" src=\"data:image\/svg+xml;base64,PHN2ZyB3aWR0aD0iMSIgaGVpZ2h0PSIxIiB4bWxucz0iaHR0cDovL3d3dy53My5vcmcvMjAwMC9zdmciPjwvc3ZnPg==\" class=\"lazyload\" \/><\/figure>\n\n\n\n<p>A crise do PSB caminha para uma debandada de lideran\u00e7as municipais. Os prefeitos Marcelo Monteiro (Lucena) e Fernando Naya (Rio Tinto) disseram, na manh\u00e3 desta ter\u00e7a-feira (10), ao&nbsp;Portal MaisPB, que deixar\u00e3o o PSB, em decorr\u00eancia da crise instalada pelo grupo do ex-governador Ricardo Coutinho (PSB).&nbsp;A exemplo de seis prefeitos, que assinaram&nbsp;a carta enviada pelo governador Jo\u00e3o Azev\u00eado (PSB) \u00e0 dire\u00e7\u00e3o nacional, Monteiro e Naya s\u00e3o contra a interven\u00e7\u00e3o na legenda. Ontem (9), em Bras\u00edlia, o presidente Carlos Siqueira anunciou que Coutinho assumir\u00e1 a presid\u00eancia da Comiss\u00e3o Provis\u00f3ria da sigla, em substitui\u00e7\u00e3o a&nbsp;Edvaldo Rosas, destitu\u00eddo do cargo, ap\u00f3s uma articula\u00e7\u00e3o do grupo do ex-governador.&nbsp;O prefeito de Lucena, Marcelo Monteiro, adiantou que seguir\u00e1 Jo\u00e3o Azev\u00eado para onde ele for e criticou Ricardo Coutinho. \u201cA gente aqui acompanha o governador Jo\u00e3o Azev\u00eado. Sigo o governador para o partido que ele for. Como j\u00e1 disse o presidente da Assembleia [Adriano Galdino], Ricardo era para ter conversado antes e n\u00e3o ter ido por cima\u201d.&nbsp;Naya anunciou que tamb\u00e9m ficar\u00e1 ao lado de Azev\u00eado por \u201ccoer\u00eancia\u201d. \u201cEm 2007, eu fazia parte do PPS. Na \u00e9poca o presidente era Hermano Nepomuceno e teve uma interven\u00e7\u00e3o de cima para baixo, e junto com Hermano, sa\u00edmos do partido e fomos para o PSB. Diante dessa situa\u00e7\u00e3o, onde Edvaldo Rosas e o governador Jo\u00e3o Azev\u00eado n\u00e3o receberam nenhuma satisfa\u00e7\u00e3o, nem os prefeitos, manterei minha linha de coer\u00eancia e n\u00e3o seguirei no partido, a n\u00e3o ser que o governador ficasse no comando. Edvaldo \u00e9 um cara direito e de forma alguma eu poderia ser incoerente e concordar com esse tipo de articula\u00e7\u00e3o. Como j\u00e1 disse Jo\u00e3o Azev\u00eado, que n\u00e3o permanece no partido, eu tamb\u00e9m n\u00e3o permanecerei\u201d, justificou.&nbsp;O prefeito de Rio Tinto ressaltou que o lado escolhido representa o da democracia. \u201cJo\u00e3o Azev\u00eado tem feito o papel dele. N\u00e3o vejo nada que n\u00e3o esteja sendo cumprido para tocar o projeto, que defendemos desde 2010. Jo\u00e3o tem sido competente e dialogado com as institui\u00e7\u00f5es. Fico do lado da coer\u00eancia, da democracia e do governado Jo\u00e3o Azev\u00eado\u201d, complementou Fernando Naya.&nbsp;Os prefeitos Chico Mendes (S\u00e3o Jos\u00e9 dos Piranhas), Ricardo Pereira (Princesa Isabel), M\u00e1ria Eunice (Mamanguape), Ben\u00edcio Ara\u00fajo (Pilar), Murilo Nunes (Ara\u00e7agi) e F\u00e1bio Tyrone (Sousa) acompanharam o governador Jo\u00e3o Azev\u00eado na carta enviada \u00e0 dire\u00e7\u00e3o nacional do PSB.<\/p>\n","protected":false},"excerpt":{"rendered":"<p>A crise do PSB caminha para uma debandada de lideran\u00e7as municipais. Os prefeitos Marcelo Monteiro (Lucena) e Fernando Naya (Rio Tinto) disseram, na manh\u00e3 desta&hellip; <\/p>\n","protected":false},"author":1,"featured_media":115026,"comment_status":"closed","ping_status":"closed","sticky":false,"template":"","format":"standard","meta":{"sfsi_plus_gutenberg_text_before_share":"","sfsi_plus_gutenberg_show_text_before_share":"","sfsi_plus_gutenberg_icon_type":"","sfsi_plus_gutenberg_icon_alignemt":"","sfsi_plus_gutenburg_max_per_row":"","footnotes":""},"categories":[2],"tags":[],"class_list":["post-115024","post","type-post","status-publish","format-standard","has-post-thumbnail","hentry","category-geral"],"_links":{"self":[{"href":"https:\/\/www.caririemacao.com\/1\/wp-json\/wp\/v2\/posts\/115024","targetHints":{"allow":["GET"]}}],"collection":[{"href":"https:\/\/www.caririemacao.com\/1\/wp-json\/wp\/v2\/posts"}],"about":[{"href":"https:\/\/www.caririemacao.com\/1\/wp-json\/wp\/v2\/types\/post"}],"author":[{"embeddable":true,"href":"https:\/\/www.caririemacao.com\/1\/wp-json\/wp\/v2\/users\/1"}],"replies":[{"embeddable":true,"href":"https:\/\/www.caririemacao.com\/1\/wp-json\/wp\/v2\/comments?post=115024"}],"version-history":[{"count":1,"href":"https:\/\/www.caririemacao.com\/1\/wp-json\/wp\/v2\/posts\/115024\/revisions"}],"predecessor-version":[{"id":115027,"href":"https:\/\/www.caririemacao.com\/1\/wp-json\/wp\/v2\/posts\/115024\/revisions\/115027"}],"wp:featuredmedia":[{"embeddable":true,"href":"https:\/\/www.caririemacao.com\/1\/wp-json\/wp\/v2\/media\/115026"}],"wp:attachment":[{"href":"https:\/\/www.caririemacao.com\/1\/wp-json\/wp\/v2\/media?parent=115024"}],"wp:term":[{"taxonomy":"category","embeddable":true,"href":"https:\/\/www.caririemacao.com\/1\/wp-json\/wp\/v2\/categories?post=115024"},{"taxonomy":"post_tag","embeddable":true,"href":"https:\/\/www.caririemacao.com\/1\/wp-json\/wp\/v2\/tags?post=115024"}],"curies":[{"name":"wp","href":"https:\/\/api.w.org\/{rel}","templated":true}]}}