{"id":115032,"date":"2019-09-10T12:26:35","date_gmt":"2019-09-10T15:26:35","guid":{"rendered":"http:\/\/www.caririemacao.com\/1\/?p=115032"},"modified":"2019-09-10T12:27:42","modified_gmt":"2019-09-10T15:27:42","slug":"vice-prefeito-de-taperoa-nao-descarta-racha-na-base-do-prefeito-jurandi-mas-diz-que-lutara-por-unidade-ate-o-fim","status":"publish","type":"post","link":"https:\/\/www.caririemacao.com\/1\/2019\/09\/10\/vice-prefeito-de-taperoa-nao-descarta-racha-na-base-do-prefeito-jurandi-mas-diz-que-lutara-por-unidade-ate-o-fim\/","title":{"rendered":"Vice-prefeito de Tapero\u00e1 n\u00e3o descarta racha na base do prefeito Jurandi, mas diz que lutar\u00e1 por unidade at\u00e9 o fim"},"content":{"rendered":"\n<div class=\"wp-block-image\"><figure class=\"aligncenter\"><img decoding=\"async\" data-src=\"http:\/\/deolhonocariri.com.br\/wp-content\/uploads\/2019\/09\/69928038_752542681843237_561792730317979648_n-600x450.jpg\" alt=\"\" class=\"wp-image-71545 lazyload\" src=\"data:image\/svg+xml;base64,PHN2ZyB3aWR0aD0iMSIgaGVpZ2h0PSIxIiB4bWxucz0iaHR0cDovL3d3dy53My5vcmcvMjAwMC9zdmciPjwvc3ZnPg==\" style=\"--smush-placeholder-width: 600px; --smush-placeholder-aspect-ratio: 600\/450;\" \/><\/figure><\/div>\n\n\n\n<p>O vice-prefeito de Tapero\u00e1, J\u00fanior de Preto, foi entrevistado na Serra Branca FM no \u00faltimo s\u00e1bado (07). Ele comentou o cen\u00e1rio pol\u00edtico para as elei\u00e7\u00f5es de 2020 no munic\u00edpio e disse que lutar\u00e1 at\u00e9 o fim pela unidade do grupo, que durante os \u00faltimos 16 anos vem administrando e transformando para melhor a trajet\u00f3ria da cidade.<\/p>\n\n\n\n<p>J\u00fanior de Preto se queixou, entretanto, da condu\u00e7\u00e3o do processo de escolha por parte do l\u00edder maior do grupo, o prefeito Jurandi Gouveia. Segundo o vice-prefeito, Jurandi est\u00e1 postergando uma decis\u00e3o que deveria ser constru\u00edda com di\u00e1logo junto ao grupo e isso pode gerar rompimentos no futuro.<\/p>\n\n\n\n<p>\u201cEu n\u00e3o vejo nosso grupo com tantos pr\u00e9-candidatos a prefeito, como alguns dizem. Na verdade o que falta \u00e9 di\u00e1logo e afunilar os nomes para que atrav\u00e9s de uma pesquisa e an\u00e1lise com o pr\u00f3prio grupo o candidato seja definido no momento certo. Eu tenho feito esse debate interno, mas acho que o prefeito Jurandi \u00e9 quem deve liderar esse processo, dando sempre voz a todos os l\u00edderes da base\u201d, ressaltou J\u00fanior.<\/p>\n\n\n\n<p>O vice-prefeito evitou comentar sobre o nome do sobrinho do prefeito Jurandi que come\u00e7ou a ser ventilado como op\u00e7\u00e3o de candidatura do grupo governista, mas alertou: \u201cQualquer pessoa pode pleitear a vaga de candidato, mas ningu\u00e9m \u00e9 candidato de si mesmo, nem ser\u00e1 postulante porque o prefeito ou um grupo isolado quer. Ou o candidato \u00e9 escolhido pela maioria e forma consenso ou o racha \u00e9 inevit\u00e1vel\u201d.<\/p>\n\n\n\n<p>J\u00fanior de Preto disse que tem dialogado com Jurandi, com o ex-prefeito De\u00f3 e alguns vereadores e que esgotar\u00e1 todas as possibilidades de di\u00e1logo dentro do grupo. Sobre estreitar conversas com o opositor George Farias, ele disse que n\u00e3o tem pretens\u00f5es imediatas, mas n\u00e3o descartou que isso venha a ocorrer no futuro.<\/p>\n","protected":false},"excerpt":{"rendered":"<p>O vice-prefeito de Tapero\u00e1, J\u00fanior de Preto, foi entrevistado na Serra Branca FM no \u00faltimo s\u00e1bado (07). Ele comentou o cen\u00e1rio pol\u00edtico para as elei\u00e7\u00f5es&hellip; <\/p>\n","protected":false},"author":1,"featured_media":115039,"comment_status":"closed","ping_status":"closed","sticky":false,"template":"","format":"standard","meta":{"sfsi_plus_gutenberg_text_before_share":"","sfsi_plus_gutenberg_show_text_before_share":"","sfsi_plus_gutenberg_icon_type":"","sfsi_plus_gutenberg_icon_alignemt":"","sfsi_plus_gutenburg_max_per_row":"","footnotes":""},"categories":[11],"tags":[],"class_list":["post-115032","post","type-post","status-publish","format-standard","has-post-thumbnail","hentry","category-politica"],"_links":{"self":[{"href":"https:\/\/www.caririemacao.com\/1\/wp-json\/wp\/v2\/posts\/115032","targetHints":{"allow":["GET"]}}],"collection":[{"href":"https:\/\/www.caririemacao.com\/1\/wp-json\/wp\/v2\/posts"}],"about":[{"href":"https:\/\/www.caririemacao.com\/1\/wp-json\/wp\/v2\/types\/post"}],"author":[{"embeddable":true,"href":"https:\/\/www.caririemacao.com\/1\/wp-json\/wp\/v2\/users\/1"}],"replies":[{"embeddable":true,"href":"https:\/\/www.caririemacao.com\/1\/wp-json\/wp\/v2\/comments?post=115032"}],"version-history":[{"count":2,"href":"https:\/\/www.caririemacao.com\/1\/wp-json\/wp\/v2\/posts\/115032\/revisions"}],"predecessor-version":[{"id":115047,"href":"https:\/\/www.caririemacao.com\/1\/wp-json\/wp\/v2\/posts\/115032\/revisions\/115047"}],"wp:featuredmedia":[{"embeddable":true,"href":"https:\/\/www.caririemacao.com\/1\/wp-json\/wp\/v2\/media\/115039"}],"wp:attachment":[{"href":"https:\/\/www.caririemacao.com\/1\/wp-json\/wp\/v2\/media?parent=115032"}],"wp:term":[{"taxonomy":"category","embeddable":true,"href":"https:\/\/www.caririemacao.com\/1\/wp-json\/wp\/v2\/categories?post=115032"},{"taxonomy":"post_tag","embeddable":true,"href":"https:\/\/www.caririemacao.com\/1\/wp-json\/wp\/v2\/tags?post=115032"}],"curies":[{"name":"wp","href":"https:\/\/api.w.org\/{rel}","templated":true}]}}