{"id":115034,"date":"2019-09-10T11:55:55","date_gmt":"2019-09-10T14:55:55","guid":{"rendered":"http:\/\/www.caririemacao.com\/1\/?p=115034"},"modified":"2019-09-10T11:55:55","modified_gmt":"2019-09-10T14:55:55","slug":"alerta-do-tce-prefeito-do-congo-aplica-menos-que-esperado-em-educacao","status":"publish","type":"post","link":"https:\/\/www.caririemacao.com\/1\/2019\/09\/10\/alerta-do-tce-prefeito-do-congo-aplica-menos-que-esperado-em-educacao\/","title":{"rendered":"ALERTA DO TCE: prefeito do Congo aplica menos que esperado em Educa\u00e7\u00e3o"},"content":{"rendered":"\n<p>No acompanhamento bimestral de indicadores feito pelo Tribunal\nde Contas do Estado da Para\u00edba baseados em dados enviado pela Prefeitura de\nCongo, o TCE alerta ao prefeito J\u00fanior Quirino de que o gasto em Educa\u00e7\u00e3o \u00e9\nmenor do que o esperado para o per\u00edodo.<\/p>\n\n\n\n<p>De acordo com o Relat\u00f3rio\/Achado processado eletronicamente\ne automaticamente com Base nos dados enviados pelo GESTOR via SAGRES CAPTURA \u2013\nVers\u00e3o CT 01.00 2019, as aplica\u00e7\u00f5es de recursos na MDE, efetivamente empenhadas\npelo munic\u00edpio at\u00e9 junho de 2019, foram da ordem de 23,42% da receita de\nimpostos, inclusive os transferidos. <\/p>\n\n\n\n<p>Conforme o documento referente apenas \u00e0 Administra\u00e7\u00e3o\nmunicipal direta, a aplica\u00e7\u00e3o de recursos pr\u00f3prios em ensino est\u00e1 com\n&#8220;percentual de aplica\u00e7\u00e3o desfavor\u00e1vel ao atendimento do disposto no artigo\n212 da CF (Constitui\u00e7\u00e3o Federal). \u201cCaso essa tend\u00eancia seja mantida, o\nmunic\u00edpio n\u00e3o atender\u00e1, ao fim do exerc\u00edcio, ao limite m\u00ednimo de 25%\nestabelecido no art. 212 da CF\u201d, relatou Conselheiro Substituto Renato S\u00e9rgio\nSantiago Melo. <\/p>\n\n\n\n<p>Em rela\u00e7\u00e3o a aplica\u00e7\u00e3o m\u00ednima de recursos do MDE, o prefeito\nJ\u00fanior poder\u00e1 ser punido por improbidade administrativa por realizar no munic\u00edpio\numa pol\u00edtica de educa\u00e7\u00e3o decrescente, j\u00e1 que a aplica\u00e7\u00e3o, em termo percentuais,\nvem diminu\u00eddo a cada ano (per\u00edodo de janeiro \u00e0 junho de cada ano). S\u00f3 para ter\numa no\u00e7\u00e3o da irresponsabilidade da gest\u00e3o, em janeiro \u00e0 junho de 2017, foi\naplicado 28,98%, e neste ano, uma queda de quase 6%. &nbsp;<\/p>\n\n\n\n<p>O mesmo alerta de percentual desfavor\u00e1vel de investimento tamb\u00e9m\n\u00e9 dado para o baixa arrecada\u00e7\u00e3o de impostos (IPTU e IRRF), realiza\u00e7\u00e3o de\nDespesas de Capital em montante inferior ao da Receita de Capital indicada,\nviolando-se o disposto no art. 167, inc. II, CF, c\/c o art. 44 da LRF, e pela baixa\nrealiza\u00e7\u00e3o de investimentos.<\/p>\n\n\n\n<p>O relat\u00f3rio tamb\u00e9m traz informa\u00e7\u00f5es que os investimentos em educa\u00e7\u00e3o\natrav\u00e9s do FUNDEB tamb\u00e9m tem diminu\u00eddo, baixando de 65,21% em 2017 para 60,39%\nem 2019, levando em considera\u00e7\u00e3o o per\u00edodo de janeiro a junho de cada ano.<\/p>\n\n\n\n<p><strong><a href=\"http:\/\/www.caririemacao.com\/1\/wp-content\/uploads\/2019\/09\/doc_62388_19_acomp._de_indicadores_selecionados_jan_a_jun.pdf\">ACESSE O RELAT\u00d3RIO. CLIQUE AQUI.<\/a><\/strong><\/p>\n","protected":false},"excerpt":{"rendered":"<p>No acompanhamento bimestral de indicadores feito pelo Tribunal de Contas do Estado da Para\u00edba baseados em dados enviado pela Prefeitura de Congo, o TCE alerta&hellip; <\/p>\n","protected":false},"author":2,"featured_media":115037,"comment_status":"closed","ping_status":"closed","sticky":false,"template":"","format":"standard","meta":{"sfsi_plus_gutenberg_text_before_share":"","sfsi_plus_gutenberg_show_text_before_share":"","sfsi_plus_gutenberg_icon_type":"","sfsi_plus_gutenberg_icon_alignemt":"","sfsi_plus_gutenburg_max_per_row":"","footnotes":""},"categories":[50,11],"tags":[],"class_list":["post-115034","post","type-post","status-publish","format-standard","has-post-thumbnail","hentry","category-destaque","category-politica"],"_links":{"self":[{"href":"https:\/\/www.caririemacao.com\/1\/wp-json\/wp\/v2\/posts\/115034","targetHints":{"allow":["GET"]}}],"collection":[{"href":"https:\/\/www.caririemacao.com\/1\/wp-json\/wp\/v2\/posts"}],"about":[{"href":"https:\/\/www.caririemacao.com\/1\/wp-json\/wp\/v2\/types\/post"}],"author":[{"embeddable":true,"href":"https:\/\/www.caririemacao.com\/1\/wp-json\/wp\/v2\/users\/2"}],"replies":[{"embeddable":true,"href":"https:\/\/www.caririemacao.com\/1\/wp-json\/wp\/v2\/comments?post=115034"}],"version-history":[{"count":1,"href":"https:\/\/www.caririemacao.com\/1\/wp-json\/wp\/v2\/posts\/115034\/revisions"}],"predecessor-version":[{"id":115038,"href":"https:\/\/www.caririemacao.com\/1\/wp-json\/wp\/v2\/posts\/115034\/revisions\/115038"}],"wp:featuredmedia":[{"embeddable":true,"href":"https:\/\/www.caririemacao.com\/1\/wp-json\/wp\/v2\/media\/115037"}],"wp:attachment":[{"href":"https:\/\/www.caririemacao.com\/1\/wp-json\/wp\/v2\/media?parent=115034"}],"wp:term":[{"taxonomy":"category","embeddable":true,"href":"https:\/\/www.caririemacao.com\/1\/wp-json\/wp\/v2\/categories?post=115034"},{"taxonomy":"post_tag","embeddable":true,"href":"https:\/\/www.caririemacao.com\/1\/wp-json\/wp\/v2\/tags?post=115034"}],"curies":[{"name":"wp","href":"https:\/\/api.w.org\/{rel}","templated":true}]}}