{"id":115054,"date":"2019-09-10T13:06:54","date_gmt":"2019-09-10T16:06:54","guid":{"rendered":"http:\/\/www.caririemacao.com\/1\/?p=115054"},"modified":"2019-09-10T13:06:54","modified_gmt":"2019-09-10T16:06:54","slug":"provas-do-encceja-exterior-serao-aplicadas-domingo-em-12-paises","status":"publish","type":"post","link":"https:\/\/www.caririemacao.com\/1\/2019\/09\/10\/provas-do-encceja-exterior-serao-aplicadas-domingo-em-12-paises\/","title":{"rendered":"Provas do Encceja Exterior ser\u00e3o aplicadas domingo em 12 pa\u00edses"},"content":{"rendered":"\n<p>As provas do Exame Nacional para Certifica\u00e7\u00e3o de Compet\u00eancias de Jovens e Adultos (Encceja), para os brasileiros que moram no exterior, ser\u00e3o realizadas no pr\u00f3ximo domingo, 15 de setembro. O exame ser\u00e1 apicado em 18 cidades de 12 pa\u00edses: B\u00e9lgica (Bruxelas); Espanha (Barcelona e Madri); Estados Unidos (Boston, Houston, Nova Iorque e Miami); Fran\u00e7a (Paris); Guiana Francesa (Caiena); Holanda (Amsterd\u00e3); It\u00e1lia (Roma); Jap\u00e3o (Nagoia, Hamamatsu e T\u00f3quio); Portugal (Lisboa); Reino Unido (Londres), Su\u00ed\u00e7a (Genebra) e Suriname (Paramaribo).<\/p>\n\n\n\n<p>O Encceja Exterior \u00e9 uma oportunidade para quem mora fora do Brasil conseguir a certifica\u00e7\u00e3o do ensino fundamental ou do ensino m\u00e9dio por n\u00e3o ter tido a oportunidade de concluir os estudos na idade adequada. O Instituto Nacional de Estudos e Pesquisas Educacionais An\u00edsio Teixeira (Inep) elabora, aplica e faz a corre\u00e7\u00e3o das provas. A aplica\u00e7\u00e3o do exame conta com a colabora\u00e7\u00e3o doMinist\u00e9rio das Rela\u00e7\u00f5es Exteriores. S\u00e3o quatro provas objetivas, cada uma com 30 quest\u00f5es de m\u00faltipla escolha, e uma reda\u00e7\u00e3o.<\/p>\n\n\n\n<p>Para a certifica\u00e7\u00e3o do ensino fundamental, o participante \u00e9 avaliado em ci\u00eancias naturais; matem\u00e1tica; l\u00edngua portuguesa, l\u00edngua estrangeira moderna, artes, educa\u00e7\u00e3o f\u00edsica e reda\u00e7\u00e3o; e hist\u00f3ria e geografia. Para o ensino m\u00e9dio, as \u00e1reas avaliadas s\u00e3o ci\u00eancias da natureza e suas tecnologias; matem\u00e1tica e suas tecnologias; linguagens e c\u00f3digos e suas tecnologias e reda\u00e7\u00e3o; e ci\u00eancias humanas e suas tecnologias.<\/p>\n\n\n\n<p><strong>Encceja PPL<\/strong><\/p>\n\n\n\n<p>Para os brasileiros residentes no exterior e que est\u00e3o privados de liberdade ou cumprem medidas socioeducativas, o Encceja Exterior Para Pessoas Privadas de Liberdade ( Encceja PPL) ser\u00e1 aplicado entre 16 e 27 de setembro. Nesse caso espec\u00edfico, a aplica\u00e7\u00e3o das provas ser\u00e1 apenas em unidades prisionais de T\u00f3quio, no Jap\u00e3o. No Brasil, o Encceja PPL ocorrer\u00e1 em 8 e 9 de outubro.<\/p>\n","protected":false},"excerpt":{"rendered":"<p>As provas do Exame Nacional para Certifica\u00e7\u00e3o de Compet\u00eancias de Jovens e Adultos (Encceja), para os brasileiros que moram no exterior, ser\u00e3o realizadas no pr\u00f3ximo&hellip; <\/p>\n","protected":false},"author":1,"featured_media":110393,"comment_status":"closed","ping_status":"closed","sticky":false,"template":"","format":"standard","meta":{"sfsi_plus_gutenberg_text_before_share":"","sfsi_plus_gutenberg_show_text_before_share":"","sfsi_plus_gutenberg_icon_type":"","sfsi_plus_gutenberg_icon_alignemt":"","sfsi_plus_gutenburg_max_per_row":"","footnotes":""},"categories":[14],"tags":[],"class_list":["post-115054","post","type-post","status-publish","format-standard","has-post-thumbnail","hentry","category-educacao"],"_links":{"self":[{"href":"https:\/\/www.caririemacao.com\/1\/wp-json\/wp\/v2\/posts\/115054","targetHints":{"allow":["GET"]}}],"collection":[{"href":"https:\/\/www.caririemacao.com\/1\/wp-json\/wp\/v2\/posts"}],"about":[{"href":"https:\/\/www.caririemacao.com\/1\/wp-json\/wp\/v2\/types\/post"}],"author":[{"embeddable":true,"href":"https:\/\/www.caririemacao.com\/1\/wp-json\/wp\/v2\/users\/1"}],"replies":[{"embeddable":true,"href":"https:\/\/www.caririemacao.com\/1\/wp-json\/wp\/v2\/comments?post=115054"}],"version-history":[{"count":1,"href":"https:\/\/www.caririemacao.com\/1\/wp-json\/wp\/v2\/posts\/115054\/revisions"}],"predecessor-version":[{"id":115056,"href":"https:\/\/www.caririemacao.com\/1\/wp-json\/wp\/v2\/posts\/115054\/revisions\/115056"}],"wp:featuredmedia":[{"embeddable":true,"href":"https:\/\/www.caririemacao.com\/1\/wp-json\/wp\/v2\/media\/110393"}],"wp:attachment":[{"href":"https:\/\/www.caririemacao.com\/1\/wp-json\/wp\/v2\/media?parent=115054"}],"wp:term":[{"taxonomy":"category","embeddable":true,"href":"https:\/\/www.caririemacao.com\/1\/wp-json\/wp\/v2\/categories?post=115054"},{"taxonomy":"post_tag","embeddable":true,"href":"https:\/\/www.caririemacao.com\/1\/wp-json\/wp\/v2\/tags?post=115054"}],"curies":[{"name":"wp","href":"https:\/\/api.w.org\/{rel}","templated":true}]}}