{"id":115065,"date":"2019-09-10T13:14:17","date_gmt":"2019-09-10T16:14:17","guid":{"rendered":"http:\/\/www.caririemacao.com\/1\/?p=115065"},"modified":"2019-09-10T13:14:17","modified_gmt":"2019-09-10T16:14:17","slug":"delegacia-de-monteiro-comeca-a-colher-depoimentos-para-descobrir-motivacao-do-assassinato-de-ex-vereador","status":"publish","type":"post","link":"https:\/\/www.caririemacao.com\/1\/2019\/09\/10\/delegacia-de-monteiro-comeca-a-colher-depoimentos-para-descobrir-motivacao-do-assassinato-de-ex-vereador\/","title":{"rendered":"Delegacia de Monteiro come\u00e7a a colher depoimentos para descobrir motiva\u00e7\u00e3o do assassinato de ex-vereador"},"content":{"rendered":"\n<p>O ex-vereador da cidade de S\u00e3o Jo\u00e3o do Tigre, no Cariri do Estado, Marcone de Freitas Lemos, foi assassinado a tiros no \u00faltimo domingo (08) quando sa\u00eda de uma igreja na zona rural de Monteiro. O delegado de Monteiro, Cristiano Santana, revelou em entrevista ao ClickPB, que come\u00e7am nesta ter\u00e7a-feira (10) as oitivas dos familiares mais pr\u00f3ximos e amigos da v\u00edtima, al\u00e9m de testemunhas oculares do crime.<\/p>\n\n\n\n<p>A previs\u00e3o \u00e9 de que esta semana sejam ouvidos de seis a sete familiares mais pr\u00f3ximos de Marcone. A colheita de depoimentos dever\u00e1 correr durante toda a semana.<\/p>\n\n\n\n<p>O delegado Cristiano Santana declarou que \u201cs\u00f3 com base nas oitivas dos familiares \u00e9 que a gente vai tentar formar a linha de investiga\u00e7\u00e3o para seguir com o inqu\u00e9rito\u201d. Com base nos depoimentos \u00e9 que a Pol\u00edcia Civil pretende identificar qual foi a motiva\u00e7\u00e3o para o crime, a fim de chegar \u00e0 identifica\u00e7\u00e3o de sua autoria.<\/p>\n\n\n\n<p>O inqu\u00e9rito dever\u00e1 ser conclu\u00eddo no prazo de 30 dias, de acordo com o delegado Cristiano Santana.<\/p>\n\n\n\n<p>Ap\u00f3s a confirma\u00e7\u00e3o da morte do ex-vereador de S\u00e3o Jo\u00e3o do Tigre foram feitas as per\u00edcias e o exame cadav\u00e9rico. O delegado declarou que Marcone realmente morreu em decorr\u00eancia dos disparos de arma de fogo.<\/p>\n","protected":false},"excerpt":{"rendered":"<p>O ex-vereador da cidade de S\u00e3o Jo\u00e3o do Tigre, no Cariri do Estado, Marcone de Freitas Lemos, foi assassinado a tiros no \u00faltimo domingo (08)&hellip; <\/p>\n","protected":false},"author":1,"featured_media":115067,"comment_status":"closed","ping_status":"closed","sticky":false,"template":"","format":"standard","meta":{"sfsi_plus_gutenberg_text_before_share":"","sfsi_plus_gutenberg_show_text_before_share":"","sfsi_plus_gutenberg_icon_type":"","sfsi_plus_gutenberg_icon_alignemt":"","sfsi_plus_gutenburg_max_per_row":"","footnotes":""},"categories":[50,12],"tags":[],"class_list":["post-115065","post","type-post","status-publish","format-standard","has-post-thumbnail","hentry","category-destaque","category-policia"],"_links":{"self":[{"href":"https:\/\/www.caririemacao.com\/1\/wp-json\/wp\/v2\/posts\/115065","targetHints":{"allow":["GET"]}}],"collection":[{"href":"https:\/\/www.caririemacao.com\/1\/wp-json\/wp\/v2\/posts"}],"about":[{"href":"https:\/\/www.caririemacao.com\/1\/wp-json\/wp\/v2\/types\/post"}],"author":[{"embeddable":true,"href":"https:\/\/www.caririemacao.com\/1\/wp-json\/wp\/v2\/users\/1"}],"replies":[{"embeddable":true,"href":"https:\/\/www.caririemacao.com\/1\/wp-json\/wp\/v2\/comments?post=115065"}],"version-history":[{"count":1,"href":"https:\/\/www.caririemacao.com\/1\/wp-json\/wp\/v2\/posts\/115065\/revisions"}],"predecessor-version":[{"id":115068,"href":"https:\/\/www.caririemacao.com\/1\/wp-json\/wp\/v2\/posts\/115065\/revisions\/115068"}],"wp:featuredmedia":[{"embeddable":true,"href":"https:\/\/www.caririemacao.com\/1\/wp-json\/wp\/v2\/media\/115067"}],"wp:attachment":[{"href":"https:\/\/www.caririemacao.com\/1\/wp-json\/wp\/v2\/media?parent=115065"}],"wp:term":[{"taxonomy":"category","embeddable":true,"href":"https:\/\/www.caririemacao.com\/1\/wp-json\/wp\/v2\/categories?post=115065"},{"taxonomy":"post_tag","embeddable":true,"href":"https:\/\/www.caririemacao.com\/1\/wp-json\/wp\/v2\/tags?post=115065"}],"curies":[{"name":"wp","href":"https:\/\/api.w.org\/{rel}","templated":true}]}}