{"id":115073,"date":"2019-09-10T13:17:53","date_gmt":"2019-09-10T16:17:53","guid":{"rendered":"http:\/\/www.caririemacao.com\/1\/?p=115073"},"modified":"2019-09-10T13:17:53","modified_gmt":"2019-09-10T16:17:53","slug":"adriano-galdino-diz-que-decisao-do-psb-provoca-racha-inevitavel-e-empurra-grupo-de-joao-para-fora","status":"publish","type":"post","link":"https:\/\/www.caririemacao.com\/1\/2019\/09\/10\/adriano-galdino-diz-que-decisao-do-psb-provoca-racha-inevitavel-e-empurra-grupo-de-joao-para-fora\/","title":{"rendered":"Adriano Galdino diz que decis\u00e3o do PSB provoca \u201cracha inevit\u00e1vel\u201d e empurra grupo de Jo\u00e3o para fora"},"content":{"rendered":"\n<p>A dire\u00e7\u00e3o nacional do PSB errou de novo. A opini\u00e3o \u00e9 do presidente da Assembleia, Adriano Galdino, em contato j\u00e1 pouco com o&nbsp;Blog. \u201cErrou porque s\u00f3 ouviu um lado e toma uma decis\u00e3o que s\u00f3 beneficia o grupo do ex-governador Ricardo Coutinho\u201d, criticou.<\/p>\n\n\n\n<p>Galdino tamb\u00e9m faz uma previs\u00e3o: \u201cO grupo do governador Jo\u00e3o Azevedo n\u00e3o vai aceitar e o racha \u00e9 inevit\u00e1vel. Jo\u00e3o, deputados e lideran\u00e7as ligadas a ele sair\u00e3o do PSB\u201d.<\/p>\n\n\n\n<p>Adriano \u00e9 um dos que arrumam as malas. E \u00e9 ele pr\u00f3prio quem anuncia. \u201cT\u00e3o logo tenha uma janela legal eu estarei fora do PSB\u201d. Tradu\u00e7\u00e3o: o rompimento foi sacramentado hoje em Bras\u00edlia.<\/p>\n\n\n\n<p><em>Com informa\u00e7\u00f5es Heron Cid<\/em><\/p>\n","protected":false},"excerpt":{"rendered":"<p>A dire\u00e7\u00e3o nacional do PSB errou de novo. A opini\u00e3o \u00e9 do presidente da Assembleia, Adriano Galdino, em contato j\u00e1 pouco com o&nbsp;Blog. \u201cErrou porque&hellip; <\/p>\n","protected":false},"author":1,"featured_media":115077,"comment_status":"closed","ping_status":"closed","sticky":false,"template":"","format":"standard","meta":{"sfsi_plus_gutenberg_text_before_share":"","sfsi_plus_gutenberg_show_text_before_share":"","sfsi_plus_gutenberg_icon_type":"","sfsi_plus_gutenberg_icon_alignemt":"","sfsi_plus_gutenburg_max_per_row":"","footnotes":""},"categories":[11],"tags":[],"class_list":["post-115073","post","type-post","status-publish","format-standard","has-post-thumbnail","hentry","category-politica"],"_links":{"self":[{"href":"https:\/\/www.caririemacao.com\/1\/wp-json\/wp\/v2\/posts\/115073","targetHints":{"allow":["GET"]}}],"collection":[{"href":"https:\/\/www.caririemacao.com\/1\/wp-json\/wp\/v2\/posts"}],"about":[{"href":"https:\/\/www.caririemacao.com\/1\/wp-json\/wp\/v2\/types\/post"}],"author":[{"embeddable":true,"href":"https:\/\/www.caririemacao.com\/1\/wp-json\/wp\/v2\/users\/1"}],"replies":[{"embeddable":true,"href":"https:\/\/www.caririemacao.com\/1\/wp-json\/wp\/v2\/comments?post=115073"}],"version-history":[{"count":1,"href":"https:\/\/www.caririemacao.com\/1\/wp-json\/wp\/v2\/posts\/115073\/revisions"}],"predecessor-version":[{"id":115078,"href":"https:\/\/www.caririemacao.com\/1\/wp-json\/wp\/v2\/posts\/115073\/revisions\/115078"}],"wp:featuredmedia":[{"embeddable":true,"href":"https:\/\/www.caririemacao.com\/1\/wp-json\/wp\/v2\/media\/115077"}],"wp:attachment":[{"href":"https:\/\/www.caririemacao.com\/1\/wp-json\/wp\/v2\/media?parent=115073"}],"wp:term":[{"taxonomy":"category","embeddable":true,"href":"https:\/\/www.caririemacao.com\/1\/wp-json\/wp\/v2\/categories?post=115073"},{"taxonomy":"post_tag","embeddable":true,"href":"https:\/\/www.caririemacao.com\/1\/wp-json\/wp\/v2\/tags?post=115073"}],"curies":[{"name":"wp","href":"https:\/\/api.w.org\/{rel}","templated":true}]}}