{"id":115079,"date":"2019-09-10T13:24:04","date_gmt":"2019-09-10T16:24:04","guid":{"rendered":"http:\/\/www.caririemacao.com\/1\/?p=115079"},"modified":"2019-09-10T13:24:04","modified_gmt":"2019-09-10T16:24:04","slug":"ricardo-fala-apos-decisao-da-executiva-nacional-do-psb-e-manda-recado-quem-tem-compromisso-com-o-psb-vai-reconhecer-a-decisao-da-nacional","status":"publish","type":"post","link":"https:\/\/www.caririemacao.com\/1\/2019\/09\/10\/ricardo-fala-apos-decisao-da-executiva-nacional-do-psb-e-manda-recado-quem-tem-compromisso-com-o-psb-vai-reconhecer-a-decisao-da-nacional\/","title":{"rendered":"Ricardo fala ap\u00f3s decis\u00e3o da executiva nacional do PSB e manda recado: \u201cQuem tem compromisso com o PSB vai reconhecer a decis\u00e3o da nacional\u201d"},"content":{"rendered":"\n<figure class=\"wp-block-image\"><img decoding=\"async\" data-src=\"http:\/\/www.blogdobrunolira.com.br\/wp-content\/uploads\/2019\/09\/18FE2F59-C0C7-4ED4-B93A-0B18317134B6.jpeg\" alt=\"\" src=\"data:image\/svg+xml;base64,PHN2ZyB3aWR0aD0iMSIgaGVpZ2h0PSIxIiB4bWxucz0iaHR0cDovL3d3dy53My5vcmcvMjAwMC9zdmciPjwvc3ZnPg==\" class=\"lazyload\" \/><\/figure>\n\n\n\n<p>O ex-governador Ricardo Coutinho (PSB) falou pela primeira vez, em contato com o&nbsp;<strong>Blog do Wallison Bezerra,&nbsp;<\/strong>nesta ter\u00e7a-feira (10), sobre a decis\u00e3o da executiva nacional do PSB em lhe consagrar presidente da comiss\u00e3o provis\u00f3ria que vai gerir o partido pelos pr\u00f3ximos 120 dias no estado.<\/p>\n\n\n\n<p>Segundo Coutinho, a tentativa ser\u00e1 de \u201creestruturar\u201d a sigla.&nbsp;\u201cO PSB vai passar por um processo de renascimento, o PSB precisa renascer e essa ser\u00e1 minha tarefa. Sair da burocracia e ir para vida real\u201d, pontuou.<\/p>\n\n\n\n<p>A decis\u00e3o de reestrutura\u00e7\u00e3o da legenda na Para\u00edba n\u00e3o foi bem aceita por setores da sigla. Mas, essa vis\u00e3o foi contestada por Ricardo.<\/p>\n\n\n\n<p>\u201cQuem tem compromisso com o partido [PSB] e com a hist\u00f3ria saber\u00e1 reconhecer a decis\u00e3o nacional, que foi un\u00e2nime\u201d, finalizou.<\/p>\n\n\n\n<p>Blog do Wallison Bezerra<\/p>\n","protected":false},"excerpt":{"rendered":"<p>O ex-governador Ricardo Coutinho (PSB) falou pela primeira vez, em contato com o&nbsp;Blog do Wallison Bezerra,&nbsp;nesta ter\u00e7a-feira (10), sobre a decis\u00e3o da executiva nacional do&hellip; <\/p>\n","protected":false},"author":1,"featured_media":51753,"comment_status":"closed","ping_status":"closed","sticky":false,"template":"","format":"standard","meta":{"sfsi_plus_gutenberg_text_before_share":"","sfsi_plus_gutenberg_show_text_before_share":"","sfsi_plus_gutenberg_icon_type":"","sfsi_plus_gutenberg_icon_alignemt":"","sfsi_plus_gutenburg_max_per_row":"","footnotes":""},"categories":[11],"tags":[],"class_list":["post-115079","post","type-post","status-publish","format-standard","has-post-thumbnail","hentry","category-politica"],"_links":{"self":[{"href":"https:\/\/www.caririemacao.com\/1\/wp-json\/wp\/v2\/posts\/115079","targetHints":{"allow":["GET"]}}],"collection":[{"href":"https:\/\/www.caririemacao.com\/1\/wp-json\/wp\/v2\/posts"}],"about":[{"href":"https:\/\/www.caririemacao.com\/1\/wp-json\/wp\/v2\/types\/post"}],"author":[{"embeddable":true,"href":"https:\/\/www.caririemacao.com\/1\/wp-json\/wp\/v2\/users\/1"}],"replies":[{"embeddable":true,"href":"https:\/\/www.caririemacao.com\/1\/wp-json\/wp\/v2\/comments?post=115079"}],"version-history":[{"count":1,"href":"https:\/\/www.caririemacao.com\/1\/wp-json\/wp\/v2\/posts\/115079\/revisions"}],"predecessor-version":[{"id":115081,"href":"https:\/\/www.caririemacao.com\/1\/wp-json\/wp\/v2\/posts\/115079\/revisions\/115081"}],"wp:featuredmedia":[{"embeddable":true,"href":"https:\/\/www.caririemacao.com\/1\/wp-json\/wp\/v2\/media\/51753"}],"wp:attachment":[{"href":"https:\/\/www.caririemacao.com\/1\/wp-json\/wp\/v2\/media?parent=115079"}],"wp:term":[{"taxonomy":"category","embeddable":true,"href":"https:\/\/www.caririemacao.com\/1\/wp-json\/wp\/v2\/categories?post=115079"},{"taxonomy":"post_tag","embeddable":true,"href":"https:\/\/www.caririemacao.com\/1\/wp-json\/wp\/v2\/tags?post=115079"}],"curies":[{"name":"wp","href":"https:\/\/api.w.org\/{rel}","templated":true}]}}