{"id":115086,"date":"2019-09-10T13:35:44","date_gmt":"2019-09-10T16:35:44","guid":{"rendered":"http:\/\/www.caririemacao.com\/1\/?p=115086"},"modified":"2019-09-10T13:35:44","modified_gmt":"2019-09-10T16:35:44","slug":"detran-pb-credencia-cartao-de-credito-para-parcelamento-de-debitos-de-veiculos","status":"publish","type":"post","link":"https:\/\/www.caririemacao.com\/1\/2019\/09\/10\/detran-pb-credencia-cartao-de-credito-para-parcelamento-de-debitos-de-veiculos\/","title":{"rendered":"Detran-PB credencia cart\u00e3o de cr\u00e9dito para parcelamento de d\u00e9bitos de ve\u00edculos"},"content":{"rendered":"\n<p><br>Apartir desta quarta-feira (11), os usu\u00e1rios do Departamento Estadual de Tr\u00e2nsito (Detran-PB) passar\u00e3o a contar com um novo servi\u00e7o. Trata-se do \u201cParcelamento de d\u00e9bitos de ve\u00edculos\u201d, que poder\u00e1 ser feito por meio de empresas de cart\u00e3o de cr\u00e9dito, credenciadas pelo \u00f3rg\u00e3o de tr\u00e2nsito, com o intuito de facilitar o pagamento de d\u00edvidas dos condutores.<\/p>\n\n\n\n<figure class=\"wp-block-image\"><img decoding=\"async\" data-src=\"https:\/\/paraibaonline.com.br\/wp-content\/uploads\/2018\/08\/cartao-dinheiro2808.jpg\" alt=\"Foto: Reprodu\u00e7\u00e3o\" class=\"wp-image-493416 lazyload\" src=\"data:image\/svg+xml;base64,PHN2ZyB3aWR0aD0iMSIgaGVpZ2h0PSIxIiB4bWxucz0iaHR0cDovL3d3dy53My5vcmcvMjAwMC9zdmciPjwvc3ZnPg==\" \/><\/figure>\n\n\n\n<p>Foto: Reprodu\u00e7\u00e3o<\/p>\n\n\n\n<p>Os d\u00e9bitos poder\u00e3o ser parcelados em at\u00e9 12 vezes, atrav\u00e9s das empresas cadastradas junto ao Detran-PB, facilitando a quita\u00e7\u00e3o por parte dos usu\u00e1rios. Em caso de ve\u00edculo apreendido por falta de pagamento do licenciamento, o parcelamento permitir\u00e1 a quita\u00e7\u00e3o do d\u00e9bito e a sua consequente retirada dos p\u00e1tios do \u00f3rg\u00e3o.<\/p>\n\n\n\n<p>Segundo o superintendente Agamenon Vieira, a medida vai permitir a diminui\u00e7\u00e3o de ve\u00edculos apreendidos nos p\u00e1tios do Detran, beneficiando tanto os usu\u00e1rios quanto o \u00f3rg\u00e3o. J\u00e1 dispon\u00edvel no Portal do Detran-PB (link que direciona para as empresas credenciadas), o novo servi\u00e7o tem o prop\u00f3sito de desburocratizar o pagamento de d\u00e9bitos.<\/p>\n","protected":false},"excerpt":{"rendered":"<p>Apartir desta quarta-feira (11), os usu\u00e1rios do Departamento Estadual de Tr\u00e2nsito (Detran-PB) passar\u00e3o a contar com um novo servi\u00e7o. Trata-se do \u201cParcelamento de d\u00e9bitos de&hellip; <\/p>\n","protected":false},"author":1,"featured_media":9830,"comment_status":"closed","ping_status":"closed","sticky":false,"template":"","format":"standard","meta":{"sfsi_plus_gutenberg_text_before_share":"","sfsi_plus_gutenberg_show_text_before_share":"","sfsi_plus_gutenberg_icon_type":"","sfsi_plus_gutenberg_icon_alignemt":"","sfsi_plus_gutenburg_max_per_row":"","footnotes":""},"categories":[2],"tags":[],"class_list":["post-115086","post","type-post","status-publish","format-standard","has-post-thumbnail","hentry","category-geral"],"_links":{"self":[{"href":"https:\/\/www.caririemacao.com\/1\/wp-json\/wp\/v2\/posts\/115086","targetHints":{"allow":["GET"]}}],"collection":[{"href":"https:\/\/www.caririemacao.com\/1\/wp-json\/wp\/v2\/posts"}],"about":[{"href":"https:\/\/www.caririemacao.com\/1\/wp-json\/wp\/v2\/types\/post"}],"author":[{"embeddable":true,"href":"https:\/\/www.caririemacao.com\/1\/wp-json\/wp\/v2\/users\/1"}],"replies":[{"embeddable":true,"href":"https:\/\/www.caririemacao.com\/1\/wp-json\/wp\/v2\/comments?post=115086"}],"version-history":[{"count":1,"href":"https:\/\/www.caririemacao.com\/1\/wp-json\/wp\/v2\/posts\/115086\/revisions"}],"predecessor-version":[{"id":115090,"href":"https:\/\/www.caririemacao.com\/1\/wp-json\/wp\/v2\/posts\/115086\/revisions\/115090"}],"wp:featuredmedia":[{"embeddable":true,"href":"https:\/\/www.caririemacao.com\/1\/wp-json\/wp\/v2\/media\/9830"}],"wp:attachment":[{"href":"https:\/\/www.caririemacao.com\/1\/wp-json\/wp\/v2\/media?parent=115086"}],"wp:term":[{"taxonomy":"category","embeddable":true,"href":"https:\/\/www.caririemacao.com\/1\/wp-json\/wp\/v2\/categories?post=115086"},{"taxonomy":"post_tag","embeddable":true,"href":"https:\/\/www.caririemacao.com\/1\/wp-json\/wp\/v2\/tags?post=115086"}],"curies":[{"name":"wp","href":"https:\/\/api.w.org\/{rel}","templated":true}]}}