{"id":115102,"date":"2019-09-10T13:43:26","date_gmt":"2019-09-10T16:43:26","guid":{"rendered":"http:\/\/www.caririemacao.com\/1\/?p=115102"},"modified":"2019-09-10T13:43:26","modified_gmt":"2019-09-10T16:43:26","slug":"recursos-para-minha-casa-vao-cair-50","status":"publish","type":"post","link":"https:\/\/www.caririemacao.com\/1\/2019\/09\/10\/recursos-para-minha-casa-vao-cair-50\/","title":{"rendered":"Recursos para Minha Casa v\u00e3o cair 50%"},"content":{"rendered":"\n<figure class=\"wp-block-image\"><img decoding=\"async\" src=\"https:\/\/img-s-msn-com.akamaized.net\/tenant\/amp\/entityid\/AAH4Egr.img?h=451&amp;w=799&amp;m=6&amp;q=60&amp;o=f&amp;l=f&amp;x=342&amp;y=343\" alt=\"\u00c2ngela vive do Bolsa Fam\u00edlia, vai sair do aluguel e morar no Minha Casa. \"\/><\/figure>\n\n\n\n<p>\u00a9 Idiana Tomazelli \/ Estadao&nbsp;\u00c2ngela vive do Bolsa Fam\u00edlia, vai sair do aluguel e morar no Minha Casa.<br><\/p>\n\n\n\n<p>Um sentimento de al\u00edvio tomou conta de \u00c2ngela Maria Bonif\u00e1cio da Silva, de 46 anos, quando ela finalmente colocou a m\u00e3o nas chaves de sua nova casa no residencial Cidade Jardim II, empreendimento do&nbsp;<a href=\"https:\/\/tudo-sobre.estadao.com.br\/Minha%20Casa%20Minha%20Vida\" target=\"_blank\" rel=\"noreferrer noopener\"><strong>Minha Casa Minha Vida<\/strong><\/a>&nbsp;localizado no sul de Fortaleza. A mudan\u00e7a significar\u00e1 sair de um aluguel mensal de R$ 300, que consome praticamente todo o benef\u00edcio de R$ 358 que recebe do&nbsp;<a href=\"https:\/\/tudo-sobre.estadao.com.br\/Bolsa%20Fam%C3%ADlia\" target=\"_blank\" rel=\"noreferrer noopener\"><strong>Bolsa Fam\u00edlia<\/strong><\/a>&nbsp;e obriga ela e a filha de 4 anos a depender da ajuda de vizinhos para sobreviver.<\/p>\n\n\n\n<p>A fam\u00edlia de \u00c2ngela foi uma das 736 a receber uma casa na manh\u00e3 de sexta-feira passada, em Fortaleza. Na vers\u00e3o 2019 do Minha Casa, as cerim\u00f4nias de entrega das unidades ainda s\u00e3o palco para pol\u00edticos locais e fam\u00edlias emocionadas por realizar o sonho da casa pr\u00f3pria. Mas sem a suntuosidade que garantia no passado presen\u00e7a presidencial.<\/p>\n\n\n\n<p>Um dos s\u00edmbolos das gest\u00f5es petistas, o programa habitacional que injetou R$ 113 bilh\u00f5es em subs\u00eddios \u00e0 moradia de 2009 a 2018 definha. Para o ano que vem, o Or\u00e7amento da Uni\u00e3o reserva apenas R$ 2,71 bilh\u00f5es, metade da dota\u00e7\u00e3o prevista para 2019. O dinheiro deve ser usado apenas para honrar as obras j\u00e1 em andamento, sem novas contrata\u00e7\u00f5es.<\/p>\n\n\n\n<p>A falta de perspectiva de novos recursos j\u00e1 acendeu a luz amarela nas associa\u00e7\u00f5es e cooperativas de Fortaleza, que tinham no programa a esperan\u00e7a de reduzir o d\u00e9ficit habitacional de 90 mil fam\u00edlias. A cobran\u00e7a sobre a prefeitura j\u00e1 come\u00e7ou.<\/p>\n\n\n\n<p>O governador do Cear\u00e1, Camilo Santana (PT), que participou da cerim\u00f4nia na sexta-feira, disse esperar que o governo federal honre pelo menos os contratos em andamento. \u201cA gente espera que, primeiro, o governo garanta os recursos dos empreendimentos que est\u00e3o em andamento. S\u00e3o muitos\u201d, afirmou o governador.<\/p>\n\n\n\n<p>Para \u00c2ngela, a espera durou oito anos. Moradora do conjunto S\u00e3o Crist\u00f3v\u00e3o, a seis quil\u00f4metros do novo endere\u00e7o, ela comemora a sa\u00edda do aluguel que lhe deixava apenas R$ 58 mensais para comer. A filha de quatro anos nasceu prematura e tem problemas respirat\u00f3rios, o que a impede de trabalhar, disse. \u201cFico pedindo ajuda\u201d, contou. Agora, segundo ela, vai ter um al\u00edvio no bolso porque a presta\u00e7\u00e3o da casa \u00e9 bem menor, de R$ 80 por m\u00eas.<\/p>\n\n\n\n<h3 class=\"wp-block-heading\">Cortes<\/h3>\n\n\n\n<p>O Minist\u00e9rio do Desenvolvimento Regional, que \u00e9 respons\u00e1vel pelo Minha Casa, teve para 2020 um dos maiores cortes nas chamadas despesas discricion\u00e1rias, que podem ser alocadas com maior liberdade e contemplar investimentos. A redu\u00e7\u00e3o foi de 27,1% em rela\u00e7\u00e3o \u00e0 previs\u00e3o para 2019, somando R$ 6,56 bilh\u00f5es.<\/p>\n\n\n\n<p>Em nota, a pasta informou que as equipes do minist\u00e9rio est\u00e3o realizando estudos para avaliar o impacto da redu\u00e7\u00e3o or\u00e7ament\u00e1ria e planejar as a\u00e7\u00f5es do pr\u00f3ximo ano. \u201c\u00c9 priorit\u00e1rio assegurar a continuidade de empreendimentos em execu\u00e7\u00e3o e aqueles j\u00e1 contratados, sobretudo na \u00e1rea de habita\u00e7\u00e3o e seguran\u00e7a h\u00eddrica\u201d, informou o MDR. A nota n\u00e3o cita novas contrata\u00e7\u00f5es.<\/p>\n\n\n\n<p>Segundo o minist\u00e9rio, o Or\u00e7amento de 2020 ser\u00e1 distribu\u00eddo entre as diversas unidades da pasta, segundo crit\u00e9rios de demanda, prioriza\u00e7\u00e3o de programas, andamento de projetos e obras, entregas \u00e0 sociedade, entre outros.<\/p>\n","protected":false},"excerpt":{"rendered":"<p>\u00a9 Idiana Tomazelli \/ Estadao&nbsp;\u00c2ngela vive do Bolsa Fam\u00edlia, vai sair do aluguel e morar no Minha Casa. Um sentimento de al\u00edvio tomou conta de&hellip; <\/p>\n","protected":false},"author":1,"featured_media":3708,"comment_status":"closed","ping_status":"closed","sticky":false,"template":"","format":"standard","meta":{"sfsi_plus_gutenberg_text_before_share":"","sfsi_plus_gutenberg_show_text_before_share":"","sfsi_plus_gutenberg_icon_type":"","sfsi_plus_gutenberg_icon_alignemt":"","sfsi_plus_gutenburg_max_per_row":"","footnotes":""},"categories":[6],"tags":[],"class_list":["post-115102","post","type-post","status-publish","format-standard","has-post-thumbnail","hentry","category-cidades"],"_links":{"self":[{"href":"https:\/\/www.caririemacao.com\/1\/wp-json\/wp\/v2\/posts\/115102","targetHints":{"allow":["GET"]}}],"collection":[{"href":"https:\/\/www.caririemacao.com\/1\/wp-json\/wp\/v2\/posts"}],"about":[{"href":"https:\/\/www.caririemacao.com\/1\/wp-json\/wp\/v2\/types\/post"}],"author":[{"embeddable":true,"href":"https:\/\/www.caririemacao.com\/1\/wp-json\/wp\/v2\/users\/1"}],"replies":[{"embeddable":true,"href":"https:\/\/www.caririemacao.com\/1\/wp-json\/wp\/v2\/comments?post=115102"}],"version-history":[{"count":1,"href":"https:\/\/www.caririemacao.com\/1\/wp-json\/wp\/v2\/posts\/115102\/revisions"}],"predecessor-version":[{"id":115103,"href":"https:\/\/www.caririemacao.com\/1\/wp-json\/wp\/v2\/posts\/115102\/revisions\/115103"}],"wp:featuredmedia":[{"embeddable":true,"href":"https:\/\/www.caririemacao.com\/1\/wp-json\/wp\/v2\/media\/3708"}],"wp:attachment":[{"href":"https:\/\/www.caririemacao.com\/1\/wp-json\/wp\/v2\/media?parent=115102"}],"wp:term":[{"taxonomy":"category","embeddable":true,"href":"https:\/\/www.caririemacao.com\/1\/wp-json\/wp\/v2\/categories?post=115102"},{"taxonomy":"post_tag","embeddable":true,"href":"https:\/\/www.caririemacao.com\/1\/wp-json\/wp\/v2\/tags?post=115102"}],"curies":[{"name":"wp","href":"https:\/\/api.w.org\/{rel}","templated":true}]}}