{"id":115112,"date":"2019-09-10T15:31:51","date_gmt":"2019-09-10T18:31:51","guid":{"rendered":"http:\/\/www.caririemacao.com\/1\/?p=115112"},"modified":"2019-09-10T15:31:51","modified_gmt":"2019-09-10T18:31:51","slug":"gervasio-maia-defende-que-ricardo-coutinho-e-o-melhor-nome-para-comandar-o-psb","status":"publish","type":"post","link":"https:\/\/www.caririemacao.com\/1\/2019\/09\/10\/gervasio-maia-defende-que-ricardo-coutinho-e-o-melhor-nome-para-comandar-o-psb\/","title":{"rendered":"Gerv\u00e1sio Maia defende que Ricardo Coutinho \u00e9 o melhor nome para comandar o PSB"},"content":{"rendered":"\n<p><br>O deputado federal Gerv\u00e1sio Maia segue defendendo o nome do ex-governador Ricardo Coutinho para a presid\u00eancia do diret\u00f3rio estadual do PSB na Para\u00edba. Em entrevista nesta ter\u00e7a-feira (10) ao programa Arapuan Verdade, transmitido pela r\u00e1dio Arapuan FM, Gerv\u00e1sio comentou que segue defendendo a unidade do PSB.<\/p>\n\n\n\n<p>\u201cN\u00e3o vejo porque deixar de defender o nome de Ricardo para presidente. A executiva agiu com muita serenidade, fez as escolhas discutindo muito. V\u00e1rios membros da executiva nacional estiveram presentes\u201d, afirmou Gerv\u00e1sio. De acordo com o parlamentar, o nome de Ricardo Coutinho \u00e9 inquestion\u00e1vel para ele pr\u00f3prio e para muitos integrantes do partido.<\/p>\n\n\n\n<p>Gerv\u00e1sio ainda ressaltou que pretende ir at\u00e9 a \u00faltima inst\u00e2ncia para pregar a unidade do projeto. Para isso, ele defende que \u201cRicardo \u00e9 o melhor nome que a gente tem para cuidar do partido daqui para a frente, principalmente porque est\u00e1 sem mandato por op\u00e7\u00e3o\u201d. O deputado ainda acrescentou que \u201ceu n\u00e3o tenho condi\u00e7\u00e3o nenhuma de questionar o nome de Ricardo para a presid\u00eancia do partido\u201d.<\/p>\n\n\n\n<p>Ainda segundo Gerv\u00e1sio, esse debate enfraquece o PSB e atende a interesses externos. \u201cO que eu defendo \u00e9 que a gente deixe um pouco de lado essas outras quest\u00f5es e enxergue que s\u00f3 quem comemora com isso s\u00e3o os nossos advers\u00e1rios. Desunir o partido s\u00f3 vai agradar aqueles que tentaram o tempo todo destruir o projeto\u201d, considerou.<\/p>\n","protected":false},"excerpt":{"rendered":"<p>O deputado federal Gerv\u00e1sio Maia segue defendendo o nome do ex-governador Ricardo Coutinho para a presid\u00eancia do diret\u00f3rio estadual do PSB na Para\u00edba. Em entrevista&hellip; <\/p>\n","protected":false},"author":1,"featured_media":115114,"comment_status":"closed","ping_status":"closed","sticky":false,"template":"","format":"standard","meta":{"sfsi_plus_gutenberg_text_before_share":"","sfsi_plus_gutenberg_show_text_before_share":"","sfsi_plus_gutenberg_icon_type":"","sfsi_plus_gutenberg_icon_alignemt":"","sfsi_plus_gutenburg_max_per_row":"","footnotes":""},"categories":[50,11],"tags":[],"class_list":["post-115112","post","type-post","status-publish","format-standard","has-post-thumbnail","hentry","category-destaque","category-politica"],"_links":{"self":[{"href":"https:\/\/www.caririemacao.com\/1\/wp-json\/wp\/v2\/posts\/115112","targetHints":{"allow":["GET"]}}],"collection":[{"href":"https:\/\/www.caririemacao.com\/1\/wp-json\/wp\/v2\/posts"}],"about":[{"href":"https:\/\/www.caririemacao.com\/1\/wp-json\/wp\/v2\/types\/post"}],"author":[{"embeddable":true,"href":"https:\/\/www.caririemacao.com\/1\/wp-json\/wp\/v2\/users\/1"}],"replies":[{"embeddable":true,"href":"https:\/\/www.caririemacao.com\/1\/wp-json\/wp\/v2\/comments?post=115112"}],"version-history":[{"count":1,"href":"https:\/\/www.caririemacao.com\/1\/wp-json\/wp\/v2\/posts\/115112\/revisions"}],"predecessor-version":[{"id":115115,"href":"https:\/\/www.caririemacao.com\/1\/wp-json\/wp\/v2\/posts\/115112\/revisions\/115115"}],"wp:featuredmedia":[{"embeddable":true,"href":"https:\/\/www.caririemacao.com\/1\/wp-json\/wp\/v2\/media\/115114"}],"wp:attachment":[{"href":"https:\/\/www.caririemacao.com\/1\/wp-json\/wp\/v2\/media?parent=115112"}],"wp:term":[{"taxonomy":"category","embeddable":true,"href":"https:\/\/www.caririemacao.com\/1\/wp-json\/wp\/v2\/categories?post=115112"},{"taxonomy":"post_tag","embeddable":true,"href":"https:\/\/www.caririemacao.com\/1\/wp-json\/wp\/v2\/tags?post=115112"}],"curies":[{"name":"wp","href":"https:\/\/api.w.org\/{rel}","templated":true}]}}