{"id":115119,"date":"2019-09-10T15:40:38","date_gmt":"2019-09-10T18:40:38","guid":{"rendered":"http:\/\/www.caririemacao.com\/1\/?p=115119"},"modified":"2019-09-10T15:40:38","modified_gmt":"2019-09-10T18:40:38","slug":"psicologa-destaca-prevencao-e-tratamento-contra-a-depressao-e-outros-transtornos","status":"publish","type":"post","link":"https:\/\/www.caririemacao.com\/1\/2019\/09\/10\/psicologa-destaca-prevencao-e-tratamento-contra-a-depressao-e-outros-transtornos\/","title":{"rendered":"Psic\u00f3loga destaca preven\u00e7\u00e3o e tratamento contra a depress\u00e3o e outros transtornos"},"content":{"rendered":"\n<p><br>Apsic\u00f3loga Josiplessis Marques comentou os transtornos mentais que t\u00eam crescido em todo o mundo e destacou que \u00e9 necess\u00e1rio que as pessoas busquem sempre a preven\u00e7\u00e3o desses problemas para conseguir viver melhor. Ela destacou que transtornos e os tipos de depress\u00e3o s\u00e3o resultados da redu\u00e7\u00e3o de neuroqu\u00edmicos respons\u00e1veis pela felicidade.<\/p>\n\n\n\n<p>Em entrevista \u00e0 R\u00e1dio Caturit\u00e9 FM, Josiplessis refor\u00e7ou que \u00e9 importante que as pessoas se autoavaliem para que a ajuda seja encontrada o mais r\u00e1pido poss\u00edvel. Ela citou que falas como \u201cEu queria dormir e n\u00e3o acordar mais\u201d ou \u201cEu queria sumir\u201d n\u00e3o podem ser ignoradas.<\/p>\n\n\n\n<figure class=\"wp-block-image\"><img decoding=\"async\" data-src=\"https:\/\/paraibaonline.com.br\/wp-content\/uploads\/2019\/08\/depressao2408.jpg\" alt=\"Foto ilustrativa: Reprodu\u00e7\u00e3o\" class=\"wp-image-760236 lazyload\" src=\"data:image\/svg+xml;base64,PHN2ZyB3aWR0aD0iMSIgaGVpZ2h0PSIxIiB4bWxucz0iaHR0cDovL3d3dy53My5vcmcvMjAwMC9zdmciPjwvc3ZnPg==\" \/><\/figure>\n\n\n\n<p>Foto ilustrativa: Reprodu\u00e7\u00e3o<\/p>\n\n\n\n<p>\u2013 A depress\u00e3o e os transtornos mentais, a ansiedade e as crises pessoais elas est\u00e3o relacionadas a uma certa forma a esse n\u00famero de suic\u00eddios que tem crescido em todo o mundo. Crise \u00e9 sin\u00f4nimo do crescimento de um elemento estressor na vida da pessoa \u2013 disse.<\/p>\n\n\n\n<p>A psic\u00f3loga destacou que existem diversos tipos de estressores que desencadeiam transtornos, como crises financeiras, crises na fam\u00edlia, no trabalho e em relacionamentos em geral.<\/p>\n\n\n\n<p>Josiplessis alegou que tudo o que priva o sono debilita o ser humano e precisa ser tratado, como a S\u00edndrome do Pensamento Acelerado. Ela frisou que \u00e9 importante que as pessoas busquem deixar de acessar redes sociais e n\u00e3o usar nenhuma tela de trinta a quarenta minutos antes de dormir para realizar a \u201climpeza do sono\u201d.<\/p>\n\n\n\n<p>Para lidar com pessoas que est\u00e3o apresentando sintomas de transtornos como a depress\u00e3o ou idea\u00e7\u00f5es suicidas, Josiplessis citou que o primeiro passo \u00e9 abrir o di\u00e1logo e perguntar o que a pessoa est\u00e1 sentindo e se ela reconhece o que est\u00e1 causando o sentimento.<\/p>\n\n\n\n<p>Tamb\u00e9m disse que o familiar pode auxiliar na indu\u00e7\u00e3o ao tratamento, ressaltando que existem v\u00e1rios tipos de atendimento, especialmente gratuitos.<\/p>\n","protected":false},"excerpt":{"rendered":"<p>Apsic\u00f3loga Josiplessis Marques comentou os transtornos mentais que t\u00eam crescido em todo o mundo e destacou que \u00e9 necess\u00e1rio que as pessoas busquem sempre a&hellip; <\/p>\n","protected":false},"author":1,"featured_media":115122,"comment_status":"closed","ping_status":"closed","sticky":false,"template":"","format":"standard","meta":{"sfsi_plus_gutenberg_text_before_share":"","sfsi_plus_gutenberg_show_text_before_share":"","sfsi_plus_gutenberg_icon_type":"","sfsi_plus_gutenberg_icon_alignemt":"","sfsi_plus_gutenburg_max_per_row":"","footnotes":""},"categories":[16],"tags":[],"class_list":["post-115119","post","type-post","status-publish","format-standard","has-post-thumbnail","hentry","category-saude"],"_links":{"self":[{"href":"https:\/\/www.caririemacao.com\/1\/wp-json\/wp\/v2\/posts\/115119","targetHints":{"allow":["GET"]}}],"collection":[{"href":"https:\/\/www.caririemacao.com\/1\/wp-json\/wp\/v2\/posts"}],"about":[{"href":"https:\/\/www.caririemacao.com\/1\/wp-json\/wp\/v2\/types\/post"}],"author":[{"embeddable":true,"href":"https:\/\/www.caririemacao.com\/1\/wp-json\/wp\/v2\/users\/1"}],"replies":[{"embeddable":true,"href":"https:\/\/www.caririemacao.com\/1\/wp-json\/wp\/v2\/comments?post=115119"}],"version-history":[{"count":1,"href":"https:\/\/www.caririemacao.com\/1\/wp-json\/wp\/v2\/posts\/115119\/revisions"}],"predecessor-version":[{"id":115123,"href":"https:\/\/www.caririemacao.com\/1\/wp-json\/wp\/v2\/posts\/115119\/revisions\/115123"}],"wp:featuredmedia":[{"embeddable":true,"href":"https:\/\/www.caririemacao.com\/1\/wp-json\/wp\/v2\/media\/115122"}],"wp:attachment":[{"href":"https:\/\/www.caririemacao.com\/1\/wp-json\/wp\/v2\/media?parent=115119"}],"wp:term":[{"taxonomy":"category","embeddable":true,"href":"https:\/\/www.caririemacao.com\/1\/wp-json\/wp\/v2\/categories?post=115119"},{"taxonomy":"post_tag","embeddable":true,"href":"https:\/\/www.caririemacao.com\/1\/wp-json\/wp\/v2\/tags?post=115119"}],"curies":[{"name":"wp","href":"https:\/\/api.w.org\/{rel}","templated":true}]}}