{"id":115126,"date":"2019-09-10T16:28:25","date_gmt":"2019-09-10T19:28:25","guid":{"rendered":"http:\/\/www.caririemacao.com\/1\/?p=115126"},"modified":"2019-09-10T16:28:25","modified_gmt":"2019-09-10T19:28:25","slug":"paraiba-registra-reducao-de-214-nos-homicidios-em-oito-meses","status":"publish","type":"post","link":"https:\/\/www.caririemacao.com\/1\/2019\/09\/10\/paraiba-registra-reducao-de-214-nos-homicidios-em-oito-meses\/","title":{"rendered":"Para\u00edba registra redu\u00e7\u00e3o de 21,4% nos homic\u00eddios em oito meses"},"content":{"rendered":"\n<p>A redu\u00e7\u00e3o de homic\u00eddios continua a ser o diferencial da Para\u00edba em rela\u00e7\u00e3o \u00e0 Seguran\u00e7a P\u00fablica no cen\u00e1rio nacional. Os n\u00fameros, que apontam uma diminui\u00e7\u00e3o de 21,4% no registro de assassinatos at\u00e9 o final do m\u00eas de agosto no Estado, em rela\u00e7\u00e3o aos mesmos oito meses de 2018, foram apresentados ao governador Jo\u00e3o Azev\u00eado, nesta ter\u00e7a-feira (10), durante reuni\u00e3o de monitoramento&nbsp;com a Secretaria de Estado da Seguran\u00e7a e da Defesa Social (Sesds) e seus \u00f3rg\u00e3os operativos \u2013 Pol\u00edcia Militar, Pol\u00edcia Civil e Corpo de Bombeiros \u2013 e Secretaria de Estado da Administra\u00e7\u00e3o Penitenci\u00e1ria, realizada no Pal\u00e1cio da Reden\u00e7\u00e3o, em Jo\u00e3o Pessoa.<\/p>\n\n\n\n<p>Foram 622 casos de Crimes Violentos Letais Intencionais (CVLI), que s\u00e3o os homic\u00eddios dolosos ou qualquer outro crime doloso que resulte em morte, contra 791 no per\u00edodo de janeiro a agosto do ano passado. A Para\u00edba tamb\u00e9m \u00e9 o \u00fanico estado do Brasil a registrar queda no n\u00famero de assassinatos por sete anos consecutivos, desde 2012, podendo sair de uma taxa de 41,5 homic\u00eddios por 100 mil habitantes para 23,5 no final de 2019.<\/p>\n\n\n\n<p>As a\u00e7\u00f5es realizadas pela Pol\u00edcia Militar, Pol\u00edcia Civil e Corpo de Bombeiros Militar tamb\u00e9m se refletiram na redu\u00e7\u00e3o de crimes contra a vida de mulheres. Em oito meses, a queda no registro dessas ocorr\u00eancias foi de 16%, com 49 casos registrados contra 58 no mesmo per\u00edodo de 2018. O n\u00famero de feminic\u00eddios tamb\u00e9m foi reduzido em 15%, com 23 casos este ano; quatro a menos que de janeiro a agosto do ano passado.<\/p>\n\n\n\n<p>Na ocasi\u00e3o, o governador Jo\u00e3o Azev\u00eado enalteceu a atua\u00e7\u00e3o das for\u00e7as de Seguran\u00e7a do Estado e refor\u00e7ou o compromisso da gest\u00e3o estadual de manter os investimentos na \u00e1rea. \u201cOs n\u00fameros permanecem positivos em fun\u00e7\u00e3o dos esfor\u00e7os de cada um que comp\u00f5e o sistema de Seguran\u00e7a, registrando que em todos os meses de 2019 os n\u00fameros foram melhores do que os resultados anteriores at\u00e9 2015, o que demonstra que este tem sido um ano positivo para o trabalho que est\u00e1 sendo realizado. \u00c9 fundamental que a gente mantenha essas conquistas e vamos continuar dando a aten\u00e7\u00e3o devida para que a gente possa continuar celebrando n\u00fameros como esses\u201d, ressaltou.<\/p>\n\n\n\n<p><strong>Dados<\/strong><\/p>\n\n\n\n<p>Das 22 \u00c1reas Integradas de Seguran\u00e7a P\u00fablica (Aisp) previstas na Lei Complementar 111\/2012, que trata da compatibiliza\u00e7\u00e3o e responsabilidade territorial, 17 tiveram redu\u00e7\u00e3o nos n\u00fameros de homic\u00eddios, sendo as maiores quedas em&nbsp; Jo\u00e3o Pessoa (-15%), Santa Rita (-40%), Campina Grande (-48%), Bayeux (-29%) e Cabedelo (-40%). Um n\u00famero que se destaca tamb\u00e9m \u00e9 o de elucida\u00e7\u00f5es de homic\u00eddios no Estado. De janeiro a maio, 54% dos crimes ocorridos j\u00e1 foram esclarecidos, sendo desse total 47% com cumprimento de mandado de pris\u00e3o e 53% com pris\u00f5es em flagrante. Os demais casos de assassinatos continuam em investiga\u00e7\u00e3o.<\/p>\n\n\n\n<p><strong>Menos assaltos a bancos<\/strong><\/p>\n\n\n\n<p>O Estado tamb\u00e9m continua acumulando redu\u00e7\u00e3o nos crimes contra institui\u00e7\u00f5es banc\u00e1rias, com menos 55% de registros. Desde o in\u00edcio do ano, quando uma for\u00e7a-tarefa contra assaltos a banco foi criada na Para\u00edba, as for\u00e7as de seguran\u00e7a registraram 26 ocorr\u00eancias, sendo 31% de arrombamentos, 15 com uso de explosivos e 11% de roubos, contra 58 no ano passado. Os casos com explos\u00f5es tiveram uma queda de 68%.<\/p>\n\n\n\n<p>A fim de robustecer o trabalho de enfrentamento aos crimes patrimoniais contra institui\u00e7\u00f5es financeiras, o Governo do Estado criou tamb\u00e9m no m\u00eas de agosto a Delegacia Especializada de Roubos e Furtos de Patos. A nova estrutura vai atuar juntamente com as unidades especializadas da Pol\u00edcia Civil em Jo\u00e3o Pessoa e Campina Grande, e de forma integrada com os demais \u00f3rg\u00e3os operativos de Seguran\u00e7a P\u00fablica, como a Pol\u00edcia Militar.<\/p>\n\n\n\n<p><strong>Menos roubos em Jo\u00e3o Pessoa e Campina Grande<\/strong><\/p>\n\n\n\n<p>Nas duas maiores cidades do Estado, os n\u00fameros de crimes patrimoniais tamb\u00e9m tiveram redu\u00e7\u00e3o no per\u00edodo de janeiro a agosto deste ano, se comparados ao mesmo per\u00edodo de 2018. Em Jo\u00e3o Pessoa, houve queda nos crimes contra a pessoa (35%), contra estabelecimentos comerciais (3%), em resid\u00eancias (10%), e em transportes coletivos (34%), totalizando 36% de ocorr\u00eancias a menos. O mesmo aconteceu em Campina Grande (-42%), com 17% menos crimes de roubo a pessoas, queda de 32% nos roubos a estabelecimentos, redu\u00e7\u00e3o de 35% nos roubos a resid\u00eancias e queda de 53% os roubos a transportes coletivos.<\/p>\n\n\n\n<p><strong>Redu\u00e7\u00e3o nos roubos de ve\u00edculos<\/strong><\/p>\n\n\n\n<p>Jo\u00e3o Pessoa e Campina Grande tamb\u00e9m tiveram redu\u00e7\u00e3o nas ocorr\u00eancias de roubos de ve\u00edculos, de janeiro e agosto de 2019. A capital saiu de 722 registros no mesmo per\u00edodo do ano passado para 695 (-4%). De acordo com o Nace, em agosto deste ano, ap\u00f3s a instala\u00e7\u00e3o do Batalh\u00e3o Especializado em Policiamento com Motocicletas (BEPMotos), houve uma redu\u00e7\u00e3o de 32% no roubo de motos em rela\u00e7\u00e3o ao m\u00eas anterior, em Jo\u00e3o Pessoa.<\/p>\n\n\n\n<p>No dia 5 de agosto deste ano, o governador Jo\u00e3o Azev\u00eado entregou \u00e0 popula\u00e7\u00e3o de Jo\u00e3o Pessoa o Batalh\u00e3o Especializado em Policiamento com Motocicletas (BEPMotos), com o objetivo de fortalecer as a\u00e7\u00f5es dapol\u00edcia ostensiva para o combate \u00e0s pr\u00e1ticas criminosas contra o patrim\u00f4nio e contra a vida. A a\u00e7\u00e3o na \u00e1reada Seguran\u00e7a P\u00fablica representa um investimento superior a R$ 3 milh\u00f5es e teve um refor\u00e7o inicial de 100policiais, que atuam no motopatrulhamento t\u00e1tico e&nbsp; comunit\u00e1rio. Em&nbsp; um&nbsp; m\u00eas, foram contabilizadas 12pris\u00f5es de suspeitos envolvidos em assaltos a \u00f4nibus, tr\u00e1fico de drogas e de foragidos da Justi\u00e7a, resultandoainda na apreens\u00e3o de armas de fogo e r\u00e9plica de pistola. Em Campina Grande, a queda foi de 33%, saindo de 762 casos para 511.&nbsp; A atua\u00e7\u00e3o dos \u00f3rg\u00e3os operativos de Seguran\u00e7a P\u00fablica tamb\u00e9m recuperou 1.813 ve\u00edculos nos oito meses, devolvendo os bens aos seus propriet\u00e1rios.<\/p>\n\n\n\n<p><strong>Mais armas e drogas apreendidas<\/strong><\/p>\n\n\n\n<p>De janeiro a agosto de 2019, as Pol\u00edcias Civil e Militar retiraram de circula\u00e7\u00e3o 2.538 armas de fogo na Para\u00edba, entre rev\u00f3lveres (35%), pistolas (8%), espingardas (54%) e outros armamentos (3%). O n\u00famero representa um aumento de 54% nas apreens\u00f5es. Nos mesmos oito meses de 2018, 1.653 armas de fogo que circulavam ilegalmente foram apreendidas. Todas as tr\u00eas Regi\u00f5es Integradas de Seguran\u00e7a P\u00fablica (Reisp), que abrangem as regi\u00f5es de Jo\u00e3o Pessoa, Campina Grande e Patos, apresentaram aumento nas apreens\u00f5es. Tamb\u00e9m foram retirados de circula\u00e7\u00e3o 856 quilos de coca\u00edna, crack e maconha.<\/p>\n\n\n\n<p><strong>Pris\u00f5es de interesse estrat\u00e9gico<\/strong><\/p>\n\n\n\n<p>Desde o in\u00edcio do ano, um total de 12.900 pris\u00f5es foram realizadas pelas pol\u00edcias, sendo 1.994 consideradas de interesse estrat\u00e9gico, a exemplo de autores de crimes contra a vida (322), suspeitos com mandado de pris\u00e3o em aberto (608), suspeitos de roubos a banco (27), de roubos de ve\u00edculos (239) e de outros tipos de roubos (798). Os n\u00fameros s\u00e3o resultado do total de 3.358 opera\u00e7\u00f5es de preven\u00e7\u00e3o e repress\u00e3o qualificadas, executadas pelos \u00f3rg\u00e3os operativos da pasta.<\/p>\n\n\n\n<p><strong>Resgate de acidentes no tr\u00e2nsito e socorros<\/strong><\/p>\n\n\n\n<p>O Corpo de Bombeiros Militar da Para\u00edba foi respons\u00e1vel por atuar no resgate de 2.359 acidentados no tr\u00e2nsito, sendo 1.714 na regi\u00e3o de Jo\u00e3o Pessoa, 300 na regi\u00e3o de Campina Grande e 345 no Sert\u00e3o do Estado. De janeiro a agosto, tamb\u00e9m foram realizados 80 socorros de v\u00edtimas de acidentes.<\/p>\n","protected":false},"excerpt":{"rendered":"<p>A redu\u00e7\u00e3o de homic\u00eddios continua a ser o diferencial da Para\u00edba em rela\u00e7\u00e3o \u00e0 Seguran\u00e7a P\u00fablica no cen\u00e1rio nacional. Os n\u00fameros, que apontam uma diminui\u00e7\u00e3o&hellip; <\/p>\n","protected":false},"author":1,"featured_media":115128,"comment_status":"closed","ping_status":"closed","sticky":false,"template":"","format":"standard","meta":{"sfsi_plus_gutenberg_text_before_share":"","sfsi_plus_gutenberg_show_text_before_share":"","sfsi_plus_gutenberg_icon_type":"","sfsi_plus_gutenberg_icon_alignemt":"","sfsi_plus_gutenburg_max_per_row":"","footnotes":""},"categories":[2],"tags":[],"class_list":["post-115126","post","type-post","status-publish","format-standard","has-post-thumbnail","hentry","category-geral"],"_links":{"self":[{"href":"https:\/\/www.caririemacao.com\/1\/wp-json\/wp\/v2\/posts\/115126","targetHints":{"allow":["GET"]}}],"collection":[{"href":"https:\/\/www.caririemacao.com\/1\/wp-json\/wp\/v2\/posts"}],"about":[{"href":"https:\/\/www.caririemacao.com\/1\/wp-json\/wp\/v2\/types\/post"}],"author":[{"embeddable":true,"href":"https:\/\/www.caririemacao.com\/1\/wp-json\/wp\/v2\/users\/1"}],"replies":[{"embeddable":true,"href":"https:\/\/www.caririemacao.com\/1\/wp-json\/wp\/v2\/comments?post=115126"}],"version-history":[{"count":1,"href":"https:\/\/www.caririemacao.com\/1\/wp-json\/wp\/v2\/posts\/115126\/revisions"}],"predecessor-version":[{"id":115129,"href":"https:\/\/www.caririemacao.com\/1\/wp-json\/wp\/v2\/posts\/115126\/revisions\/115129"}],"wp:featuredmedia":[{"embeddable":true,"href":"https:\/\/www.caririemacao.com\/1\/wp-json\/wp\/v2\/media\/115128"}],"wp:attachment":[{"href":"https:\/\/www.caririemacao.com\/1\/wp-json\/wp\/v2\/media?parent=115126"}],"wp:term":[{"taxonomy":"category","embeddable":true,"href":"https:\/\/www.caririemacao.com\/1\/wp-json\/wp\/v2\/categories?post=115126"},{"taxonomy":"post_tag","embeddable":true,"href":"https:\/\/www.caririemacao.com\/1\/wp-json\/wp\/v2\/tags?post=115126"}],"curies":[{"name":"wp","href":"https:\/\/api.w.org\/{rel}","templated":true}]}}