{"id":115138,"date":"2019-09-10T17:34:41","date_gmt":"2019-09-10T20:34:41","guid":{"rendered":"http:\/\/www.caririemacao.com\/1\/?p=115138"},"modified":"2019-09-10T17:34:41","modified_gmt":"2019-09-10T20:34:41","slug":"prefeito-de-sume-comemora-aquisicao-de-mais-um-veiculo-com-recursos-proprios","status":"publish","type":"post","link":"https:\/\/www.caririemacao.com\/1\/2019\/09\/10\/prefeito-de-sume-comemora-aquisicao-de-mais-um-veiculo-com-recursos-proprios\/","title":{"rendered":"Prefeito de Sum\u00e9 comemora aquisi\u00e7\u00e3o de mais um ve\u00edculo com recursos pr\u00f3prios"},"content":{"rendered":"\n<p>O prefeito de Sum\u00e9, \u00c9den Duarte, comemorou a conquista de mais um&nbsp; ve\u00edculo zero quil\u00f4metro para a Prefeitura&nbsp; Municipal de Sum\u00e9, nesta ter\u00e7a-feira (10). Trata-se de um carro Saveiro cabine estendida<\/p>\n\n\n\n<p>De acordo com \u00c9den, j\u00e1 s\u00e3o mais de cinco ve\u00edculos comprados com recursos pr\u00f3prios para servir \u00e0 popula\u00e7\u00e3o de Sum\u00e9: \u201cMais um ve\u00edculo&nbsp; adquirido para o munic\u00edpio com recursos do tesouro municipal. J\u00e1 adquirimos 1 \u00f4nibus, 2 Vans , 1 caminhonete ranger, 1 gol, 1 saveiro e 1 moto. Vem mais por a\u00ed\u201d, destacou \u00c9den.<\/p>\n\n\n\n<p><strong>Blog do Bruno Lira<\/strong><\/p>\n","protected":false},"excerpt":{"rendered":"<p>O prefeito de Sum\u00e9, \u00c9den Duarte, comemorou a conquista de mais um&nbsp; ve\u00edculo zero quil\u00f4metro para a Prefeitura&nbsp; Municipal de Sum\u00e9, nesta ter\u00e7a-feira (10). Trata-se&hellip; <\/p>\n","protected":false},"author":1,"featured_media":115140,"comment_status":"closed","ping_status":"closed","sticky":false,"template":"","format":"standard","meta":{"sfsi_plus_gutenberg_text_before_share":"","sfsi_plus_gutenberg_show_text_before_share":"","sfsi_plus_gutenberg_icon_type":"","sfsi_plus_gutenberg_icon_alignemt":"","sfsi_plus_gutenburg_max_per_row":"","footnotes":""},"categories":[6],"tags":[],"class_list":["post-115138","post","type-post","status-publish","format-standard","has-post-thumbnail","hentry","category-cidades"],"_links":{"self":[{"href":"https:\/\/www.caririemacao.com\/1\/wp-json\/wp\/v2\/posts\/115138","targetHints":{"allow":["GET"]}}],"collection":[{"href":"https:\/\/www.caririemacao.com\/1\/wp-json\/wp\/v2\/posts"}],"about":[{"href":"https:\/\/www.caririemacao.com\/1\/wp-json\/wp\/v2\/types\/post"}],"author":[{"embeddable":true,"href":"https:\/\/www.caririemacao.com\/1\/wp-json\/wp\/v2\/users\/1"}],"replies":[{"embeddable":true,"href":"https:\/\/www.caririemacao.com\/1\/wp-json\/wp\/v2\/comments?post=115138"}],"version-history":[{"count":1,"href":"https:\/\/www.caririemacao.com\/1\/wp-json\/wp\/v2\/posts\/115138\/revisions"}],"predecessor-version":[{"id":115141,"href":"https:\/\/www.caririemacao.com\/1\/wp-json\/wp\/v2\/posts\/115138\/revisions\/115141"}],"wp:featuredmedia":[{"embeddable":true,"href":"https:\/\/www.caririemacao.com\/1\/wp-json\/wp\/v2\/media\/115140"}],"wp:attachment":[{"href":"https:\/\/www.caririemacao.com\/1\/wp-json\/wp\/v2\/media?parent=115138"}],"wp:term":[{"taxonomy":"category","embeddable":true,"href":"https:\/\/www.caririemacao.com\/1\/wp-json\/wp\/v2\/categories?post=115138"},{"taxonomy":"post_tag","embeddable":true,"href":"https:\/\/www.caririemacao.com\/1\/wp-json\/wp\/v2\/tags?post=115138"}],"curies":[{"name":"wp","href":"https:\/\/api.w.org\/{rel}","templated":true}]}}