{"id":115143,"date":"2019-09-10T17:37:11","date_gmt":"2019-09-10T20:37:11","guid":{"rendered":"http:\/\/www.caririemacao.com\/1\/?p=115143"},"modified":"2019-09-10T17:37:11","modified_gmt":"2019-09-10T20:37:11","slug":"vejam-quem-sao-os-prefeitos-do-cariri-filiados-no-psb","status":"publish","type":"post","link":"https:\/\/www.caririemacao.com\/1\/2019\/09\/10\/vejam-quem-sao-os-prefeitos-do-cariri-filiados-no-psb\/","title":{"rendered":"Vejam quem s\u00e3o os prefeitos do Cariri filiados no PSB"},"content":{"rendered":"\n<p>Dos 29 munic\u00edpios da regi\u00e3o do Cariri da Para\u00edba, 10 deles s\u00e3o comandados por prefeitos filiados ao Partido Socialista Brasileiro \u2013 PSB.<\/p>\n\n\n\n<p>Com esse racha, at\u00e9 o final do ano, os prefeitos, principalmente os que v\u00e3o concorrer \u00e0 reelei\u00e7\u00e3o, dever\u00e3o se posicionar se ficam ou saem do partido, j\u00e1 que o prazo para mudan\u00e7a partid\u00e1ria acontecer\u00e1 at\u00e9 abril de 2020.<\/p>\n\n\n\n<p>Outra situa\u00e7\u00e3o delicada \u00e9 que ter\u00e3o que optar se ficam com Ricardo ou com Jo\u00e3o.<\/p>\n\n\n\n<p><strong>Veja lista dos gestores:<\/strong><\/p>\n\n\n\n<div class=\"wp-block-image\"><figure class=\"aligncenter\"><img decoding=\"async\" data-src=\"http:\/\/www.blogdobrunolira.com.br\/wp-content\/uploads\/2019\/09\/WhatsApp-Image-2019-09-10-at-14.52.19.jpeg\" alt=\"\" class=\"wp-image-15074 lazyload\" src=\"data:image\/svg+xml;base64,PHN2ZyB3aWR0aD0iMSIgaGVpZ2h0PSIxIiB4bWxucz0iaHR0cDovL3d3dy53My5vcmcvMjAwMC9zdmciPjwvc3ZnPg==\" \/><\/figure><\/div>\n\n\n\n<p><strong>Blog do Bruno Lira<\/strong><\/p>\n","protected":false},"excerpt":{"rendered":"<p>Dos 29 munic\u00edpios da regi\u00e3o do Cariri da Para\u00edba, 10 deles s\u00e3o comandados por prefeitos filiados ao Partido Socialista Brasileiro \u2013 PSB. Com esse racha,&hellip; <\/p>\n","protected":false},"author":1,"featured_media":46835,"comment_status":"closed","ping_status":"closed","sticky":false,"template":"","format":"standard","meta":{"sfsi_plus_gutenberg_text_before_share":"","sfsi_plus_gutenberg_show_text_before_share":"","sfsi_plus_gutenberg_icon_type":"","sfsi_plus_gutenberg_icon_alignemt":"","sfsi_plus_gutenburg_max_per_row":"","footnotes":""},"categories":[2],"tags":[],"class_list":["post-115143","post","type-post","status-publish","format-standard","has-post-thumbnail","hentry","category-geral"],"_links":{"self":[{"href":"https:\/\/www.caririemacao.com\/1\/wp-json\/wp\/v2\/posts\/115143","targetHints":{"allow":["GET"]}}],"collection":[{"href":"https:\/\/www.caririemacao.com\/1\/wp-json\/wp\/v2\/posts"}],"about":[{"href":"https:\/\/www.caririemacao.com\/1\/wp-json\/wp\/v2\/types\/post"}],"author":[{"embeddable":true,"href":"https:\/\/www.caririemacao.com\/1\/wp-json\/wp\/v2\/users\/1"}],"replies":[{"embeddable":true,"href":"https:\/\/www.caririemacao.com\/1\/wp-json\/wp\/v2\/comments?post=115143"}],"version-history":[{"count":1,"href":"https:\/\/www.caririemacao.com\/1\/wp-json\/wp\/v2\/posts\/115143\/revisions"}],"predecessor-version":[{"id":115148,"href":"https:\/\/www.caririemacao.com\/1\/wp-json\/wp\/v2\/posts\/115143\/revisions\/115148"}],"wp:featuredmedia":[{"embeddable":true,"href":"https:\/\/www.caririemacao.com\/1\/wp-json\/wp\/v2\/media\/46835"}],"wp:attachment":[{"href":"https:\/\/www.caririemacao.com\/1\/wp-json\/wp\/v2\/media?parent=115143"}],"wp:term":[{"taxonomy":"category","embeddable":true,"href":"https:\/\/www.caririemacao.com\/1\/wp-json\/wp\/v2\/categories?post=115143"},{"taxonomy":"post_tag","embeddable":true,"href":"https:\/\/www.caririemacao.com\/1\/wp-json\/wp\/v2\/tags?post=115143"}],"curies":[{"name":"wp","href":"https:\/\/api.w.org\/{rel}","templated":true}]}}