{"id":115153,"date":"2019-09-11T06:28:12","date_gmt":"2019-09-11T09:28:12","guid":{"rendered":"http:\/\/www.caririemacao.com\/1\/?p=115153"},"modified":"2019-09-11T06:28:12","modified_gmt":"2019-09-11T09:28:12","slug":"fred-menezes-assume-presidencia-de-partido-em-monteiro","status":"publish","type":"post","link":"https:\/\/www.caririemacao.com\/1\/2019\/09\/11\/fred-menezes-assume-presidencia-de-partido-em-monteiro\/","title":{"rendered":"Fred Menezes assume presid\u00eancia de partido em Monteiro"},"content":{"rendered":"\n<p>O atual secret\u00e1rio de Comunica\u00e7\u00e3o da Prefeitura de Monteiro, Fred Menezes, assumiu nesta ter\u00e7a-feira, 10, a presid\u00eancia do partido CIDADANIA, ex-PPS, em ato simb\u00f3lico na cidade de Jo\u00e3o Pessoa.<br>Al\u00e9m de Fred Menezes, a comiss\u00e3o provis\u00f3ria do partido CIDADANIA no munic\u00edpio de Monteiro, designada pela dire\u00e7\u00e3o estadual \u00e9 composta pelo irm\u00e3o da atual prefeita do munic\u00edpio, Anna Lorena, o m\u00e9dico Fillipe N\u00f3brega, que ocupar\u00e1 a vice-presid\u00eancia, do ex-vereador Arnaldo de Sousa J\u00fanior (Nal Nunes) como secret\u00e1rio geral, do advogado Emerson Vasconcelos no cargo de Tesoureiro e do fisioterapeuta Ivo Cazuza como membro da comiss\u00e3o.<br>O partido CIDADANIA era dirigido na Para\u00edba pelo atual secret\u00e1rio de Comunica\u00e7\u00e3o do Estado, Nonato Bandeira, e recentemente passou a ser dirigido de comum acordo pelo secret\u00e1rio Chefe de Gabinete do governador Jo\u00e3o Azevedo, Ronaldo Guerra, que iniciou uma s\u00e9rie de articula\u00e7\u00f5es pol\u00edticas visando fortalecer a legenda para as elei\u00e7\u00f5es municipais de 2020, e, na sequ\u00eancia as elei\u00e7\u00f5es de 2022.<br>Ao comentar sobre o ingresso no partido CIDADANIA, Fred Menezes disse que o seu relacionamento de amizade com a executiva estadual do partido dar\u00e1 respaldo para que possa fortalecer a legenda no munic\u00edpio, inclusive colaborando na esfera partid\u00e1ria da regi\u00e3o do Cariri paraibano.<br>\u201cAcredito que o trabalho do nosso presidente Ronaldo Guerra \u00e0 frente do CIDADANIA ser\u00e1 de fortalecimento da legenda em todo o Estado da Para\u00edba, e, ao integrar esta equipe partid\u00e1ria estarei \u00e0 disposi\u00e7\u00e3o para contribuir da melhor forma poss\u00edvel, seguindo as orienta\u00e7\u00f5es da dire\u00e7\u00e3o estadual\u201d, pontuou Fred Menezes.<br>Para Ronaldo Guerra, presidente estadual do partido CIDADANIA na Para\u00edba, a reativa\u00e7\u00e3o do partido na principal cidade do Cariri \u00e9 uma demonstra\u00e7\u00e3o de que o CIDADANIA dever\u00e1 avan\u00e7ar em todos os munic\u00edpios do Estado, escolhendo dirigentes que estejam comprometidos com o futuro pol\u00edtico do partido.<br>\u201cFred Menezes foi vice-prefeito, vereador, presidente da C\u00e2mara de Vereadores e atualmente est\u00e1 \u00e0 frente da secretaria de Comunica\u00e7\u00e3o de Monteiro, o que o capacita \u00e0 assumir o comando da legenda no munic\u00edpio e nos ajudar a fortalecer o partido na regi\u00e3o do Cariri\u201d, disse Ronaldo Guerra, presidente do partido CIDADANIA na Para\u00edba.<\/p>\n","protected":false},"excerpt":{"rendered":"<p>O atual secret\u00e1rio de Comunica\u00e7\u00e3o da Prefeitura de Monteiro, Fred Menezes, assumiu nesta ter\u00e7a-feira, 10, a presid\u00eancia do partido CIDADANIA, ex-PPS, em ato simb\u00f3lico na&hellip; <\/p>\n","protected":false},"author":1,"featured_media":115155,"comment_status":"closed","ping_status":"closed","sticky":false,"template":"","format":"standard","meta":{"sfsi_plus_gutenberg_text_before_share":"","sfsi_plus_gutenberg_show_text_before_share":"","sfsi_plus_gutenberg_icon_type":"","sfsi_plus_gutenberg_icon_alignemt":"","sfsi_plus_gutenburg_max_per_row":"","footnotes":""},"categories":[6],"tags":[],"class_list":["post-115153","post","type-post","status-publish","format-standard","has-post-thumbnail","hentry","category-cidades"],"_links":{"self":[{"href":"https:\/\/www.caririemacao.com\/1\/wp-json\/wp\/v2\/posts\/115153","targetHints":{"allow":["GET"]}}],"collection":[{"href":"https:\/\/www.caririemacao.com\/1\/wp-json\/wp\/v2\/posts"}],"about":[{"href":"https:\/\/www.caririemacao.com\/1\/wp-json\/wp\/v2\/types\/post"}],"author":[{"embeddable":true,"href":"https:\/\/www.caririemacao.com\/1\/wp-json\/wp\/v2\/users\/1"}],"replies":[{"embeddable":true,"href":"https:\/\/www.caririemacao.com\/1\/wp-json\/wp\/v2\/comments?post=115153"}],"version-history":[{"count":1,"href":"https:\/\/www.caririemacao.com\/1\/wp-json\/wp\/v2\/posts\/115153\/revisions"}],"predecessor-version":[{"id":115156,"href":"https:\/\/www.caririemacao.com\/1\/wp-json\/wp\/v2\/posts\/115153\/revisions\/115156"}],"wp:featuredmedia":[{"embeddable":true,"href":"https:\/\/www.caririemacao.com\/1\/wp-json\/wp\/v2\/media\/115155"}],"wp:attachment":[{"href":"https:\/\/www.caririemacao.com\/1\/wp-json\/wp\/v2\/media?parent=115153"}],"wp:term":[{"taxonomy":"category","embeddable":true,"href":"https:\/\/www.caririemacao.com\/1\/wp-json\/wp\/v2\/categories?post=115153"},{"taxonomy":"post_tag","embeddable":true,"href":"https:\/\/www.caririemacao.com\/1\/wp-json\/wp\/v2\/tags?post=115153"}],"curies":[{"name":"wp","href":"https:\/\/api.w.org\/{rel}","templated":true}]}}