{"id":115158,"date":"2019-09-11T06:31:44","date_gmt":"2019-09-11T09:31:44","guid":{"rendered":"http:\/\/www.caririemacao.com\/1\/?p=115158"},"modified":"2019-09-11T06:31:44","modified_gmt":"2019-09-11T09:31:44","slug":"vereador-sofre-atentado-e-tem-carro-atingido-por-tiro-quando-ia-para-sessao-em-livramento-veja-video","status":"publish","type":"post","link":"https:\/\/www.caririemacao.com\/1\/2019\/09\/11\/vereador-sofre-atentado-e-tem-carro-atingido-por-tiro-quando-ia-para-sessao-em-livramento-veja-video\/","title":{"rendered":"Vereador sofre atentado e tem carro atingido por tiro quando ia para sess\u00e3o em Livramento; veja v\u00eddeo"},"content":{"rendered":"\n<p>O vereador da cidade de Livramento, Guilherme Vilar (PSDB) sofreu um atentado na noite desta ter\u00e7a-feira (10) quando seguia para participar da sess\u00e3o da C\u00e2mara de Vereadores do munic\u00edpio.<\/p>\n\n\n\n<p>Guilherme Vilar que tem resid\u00eancia em Tapero\u00e1 seguia para o munic\u00edpio de Livramento em seu ve\u00edculo, modelo Hillux, quando passando pr\u00f3ximo a Vila Teimosa, que fica a cerca de 2km da cidade, percebeu o disparo de arma de fogo que atingiu o vidro do motorista. Por sorte o proj\u00e9til n\u00e3o perfurou o vidro.<\/p>\n\n\n\n<p>No momento o vereador estava no lado do passageiro e quem dirigia seu carro era o motorista Jackson Vilar. Apesar do susto ningu\u00e9m ficou ferido.<\/p>\n\n\n\n<p>Perguntado pelo&nbsp;<strong>Para\u00edba Mix<\/strong>&nbsp;se o atentado pode ter motiva\u00e7\u00f5es pol\u00edticas, Guilherme preferiu n\u00e3o fazer ila\u00e7\u00f5es e disse que vai levar o caso \u00e0 pol\u00edcia para que seja apurado.<\/p>\n\n\n\n<p><strong>SEGUNDO CASO EM QUATRO MESES<\/strong><\/p>\n\n\n\n<p>Esse \u00e9 o segundo atentado contra vereadores em apenas quatro meses na cidade de Livramento. Na madrugada do dia 12 de maio, a casa do vereador Aliomar Soares, que reside no centro da cidade foi alvo de 6 tiros disparados, tendo um deles adentrado a casa.<\/p>\n\n\n\n<p><strong>Veja o v\u00eddeo do carro:<\/strong><\/p>\n\n\n\n<figure><iframe data-src=\"https:\/\/www.youtube.com\/embed\/0hIQ6sWU-NU\" width=\"560\" height=\"315\" allowfullscreen=\"allowfullscreen\" src=\"data:image\/svg+xml;base64,PHN2ZyB3aWR0aD0iMSIgaGVpZ2h0PSIxIiB4bWxucz0iaHR0cDovL3d3dy53My5vcmcvMjAwMC9zdmciPjwvc3ZnPg==\" class=\"lazyload\" data-load-mode=\"1\"><\/iframe><\/figure>\n\n\n\n<p><\/p>\n","protected":false},"excerpt":{"rendered":"<p>O vereador da cidade de Livramento, Guilherme Vilar (PSDB) sofreu um atentado na noite desta ter\u00e7a-feira (10) quando seguia para participar da sess\u00e3o da C\u00e2mara&hellip; <\/p>\n","protected":false},"author":1,"featured_media":115161,"comment_status":"closed","ping_status":"closed","sticky":false,"template":"","format":"standard","meta":{"sfsi_plus_gutenberg_text_before_share":"","sfsi_plus_gutenberg_show_text_before_share":"","sfsi_plus_gutenberg_icon_type":"","sfsi_plus_gutenberg_icon_alignemt":"","sfsi_plus_gutenburg_max_per_row":"","footnotes":""},"categories":[50,12],"tags":[],"class_list":["post-115158","post","type-post","status-publish","format-standard","has-post-thumbnail","hentry","category-destaque","category-policia"],"_links":{"self":[{"href":"https:\/\/www.caririemacao.com\/1\/wp-json\/wp\/v2\/posts\/115158","targetHints":{"allow":["GET"]}}],"collection":[{"href":"https:\/\/www.caririemacao.com\/1\/wp-json\/wp\/v2\/posts"}],"about":[{"href":"https:\/\/www.caririemacao.com\/1\/wp-json\/wp\/v2\/types\/post"}],"author":[{"embeddable":true,"href":"https:\/\/www.caririemacao.com\/1\/wp-json\/wp\/v2\/users\/1"}],"replies":[{"embeddable":true,"href":"https:\/\/www.caririemacao.com\/1\/wp-json\/wp\/v2\/comments?post=115158"}],"version-history":[{"count":1,"href":"https:\/\/www.caririemacao.com\/1\/wp-json\/wp\/v2\/posts\/115158\/revisions"}],"predecessor-version":[{"id":115162,"href":"https:\/\/www.caririemacao.com\/1\/wp-json\/wp\/v2\/posts\/115158\/revisions\/115162"}],"wp:featuredmedia":[{"embeddable":true,"href":"https:\/\/www.caririemacao.com\/1\/wp-json\/wp\/v2\/media\/115161"}],"wp:attachment":[{"href":"https:\/\/www.caririemacao.com\/1\/wp-json\/wp\/v2\/media?parent=115158"}],"wp:term":[{"taxonomy":"category","embeddable":true,"href":"https:\/\/www.caririemacao.com\/1\/wp-json\/wp\/v2\/categories?post=115158"},{"taxonomy":"post_tag","embeddable":true,"href":"https:\/\/www.caririemacao.com\/1\/wp-json\/wp\/v2\/tags?post=115158"}],"curies":[{"name":"wp","href":"https:\/\/api.w.org\/{rel}","templated":true}]}}