{"id":115169,"date":"2019-09-11T06:34:42","date_gmt":"2019-09-11T09:34:42","guid":{"rendered":"http:\/\/www.caririemacao.com\/1\/?p=115169"},"modified":"2019-09-11T06:34:42","modified_gmt":"2019-09-11T09:34:42","slug":"oportunidade-edital-de-selecao-do-exercito-abre-113-vagas-na-paraiba","status":"publish","type":"post","link":"https:\/\/www.caririemacao.com\/1\/2019\/09\/11\/oportunidade-edital-de-selecao-do-exercito-abre-113-vagas-na-paraiba\/","title":{"rendered":"OPORTUNIDADE: Edital de sele\u00e7\u00e3o do Ex\u00e9rcito abre 113 vagas na Para\u00edba"},"content":{"rendered":"\n<p>O Comando da 7\u00aa Regi\u00e3o Militar do Ex\u00e9rcito Brasileiro (7\u00aa RM) abriu inscri\u00e7\u00f5es de um processo seletivo para contrata\u00e7\u00e3o de militares tempor\u00e1rios, com vagas em Jo\u00e3o Pessoa e Campina Grande. A remunera\u00e7\u00e3o dos selecionados varia entre R$ 2.627,00 e R$ 6.993,00.<br>Os processos seletivos ser\u00e3o realizados para a contrata\u00e7\u00e3o de Oficiais T\u00e9cnicos Tempor\u00e1rios (OTT), que possuem n\u00edvel superior; Sargentos T\u00e9cnicos Tempor\u00e1rios (STT) e Cabos Especialistas Tempor\u00e1rios (CET) de diversas \u00e1reas t\u00e9cnicas.<br>As inscri\u00e7\u00f5es podem ser feitas at\u00e9 as 16h da pr\u00f3xima quinta (12). Podem participar da sele\u00e7\u00e3o brasileiros, dos sexos masculino e feminino, com idade entre 19 a 37 anos.<br>O Comando da 7\u00aa Regi\u00e3o Militar do Ex\u00e9rcito Brasileiro abrange ainda os Estados de Alagoas, Pernambuco e Rio Grande do Norte,<br><strong>Veja o n\u00famero de vagas para cada cargo:<\/strong><br>Sargentos T\u00e9cnicos tempor\u00e1rios (STT) \u2013 48 vagas ao todo; 10 para contra\u00e7\u00e3o imediata; 38 para forma\u00e7\u00e3o de cadastro reserva.<br>Oficiais T\u00e9cnicos Tempor\u00e1rios (OTT) \u2013 35 vagas ao todo; 4 para contrata\u00e7\u00e3o imediata; 31 para forma\u00e7\u00e3o de cadastro reserva.<br>Cabos Especialistas Tempor\u00e1rios (CET) &#8211; 20 vagas; 10 para contrata\u00e7\u00e3o imediata; 10 para forma\u00e7\u00e3o de cadastro reserva.<br>Sargentos M\u00fasicos \u2013 10 vagas ao todo; 7 para contra\u00e7\u00e3o imediada; 3 para cadastro reserva.<br><strong>Confira os editais para cada cargo:<\/strong><br><strong><a href=\"http:\/\/www.7rm.eb.mil.br\/images\/7rm\/ssmr\/pdfs\/STT%20-%20Sargento%20T%C3%A9cnico%20Tempor%C3%A1rio%20-%20Resultados%20de%20Divulga%C3%A7%C3%A3o%202015.1\/Aviso%20de%20Convoca%C3%A7%C3%A3o%20%20STT%202019.6%20.pdf\" target=\"_blank\" rel=\"noreferrer noopener\">Sargentos T\u00e9cnicos tempor\u00e1rios (STT)<\/a><\/strong><br><strong><a href=\"http:\/\/www.7rm.eb.mil.br\/images\/7rm\/ssmr\/pdfs\/MFDV%20-%20M%C3%A9dicos%20Farmac%C3%AAuticos%20Dentistas%20e%20Veterin%C3%A1rio\/Aviso%20de%20Convoca%C3%A7%C3%A3o%20OTT%20-%202019.5%20.pdf\" target=\"_blank\" rel=\"noreferrer noopener\">Oficiais T\u00e9cnicos Tempor\u00e1rios (OTT)<\/a><\/strong><br><strong><a href=\"http:\/\/www.7rm.eb.mil.br\/images\/7rm\/ssmr\/pdfs\/CET%20-%20Cabo%20Especialista%20Tempor%C3%A1rio%20-%20Resultados%20de%20Divulga%C3%A7%C3%A3o%202015.1\/AVISO%20DE%20CONVOCA%C3%87%C3%83O%20CET%202019.7%20.pdf\" target=\"_blank\" rel=\"noreferrer noopener\">Cabos Especialistas Tempor\u00e1rios (CET)<\/a><\/strong><br><a href=\"http:\/\/www.7rm.eb.mil.br\/images\/7rm\/ssmr\/pdfs\/STT%20-%20Sargento%20T%C3%A9cnico%20Tempor%C3%A1rio%20-%20Resultados%20de%20Divulga%C3%A7%C3%A3o%202015.1\/Aviso%20Musico.pdf\" target=\"_blank\" rel=\"noreferrer noopener\"><strong>Sargentos M\u00fasicos<\/strong><\/a><\/p>\n\n\n\n<p><strong><\/strong><a href=\"https:\/\/g1.globo.com\/pb\/paraiba\/noticia\/2019\/09\/09\/edital-de-selecao-do-exercito-abre-113-vagas-na-paraiba.ghtml\" target=\"_blank\" rel=\"noreferrer noopener\"><strong>G1<\/strong><\/a><br><\/p>\n","protected":false},"excerpt":{"rendered":"<p>O Comando da 7\u00aa Regi\u00e3o Militar do Ex\u00e9rcito Brasileiro (7\u00aa RM) abriu inscri\u00e7\u00f5es de um processo seletivo para contrata\u00e7\u00e3o de militares tempor\u00e1rios, com vagas em&hellip; <\/p>\n","protected":false},"author":1,"featured_media":34202,"comment_status":"closed","ping_status":"closed","sticky":false,"template":"","format":"standard","meta":{"sfsi_plus_gutenberg_text_before_share":"","sfsi_plus_gutenberg_show_text_before_share":"","sfsi_plus_gutenberg_icon_type":"","sfsi_plus_gutenberg_icon_alignemt":"","sfsi_plus_gutenburg_max_per_row":"","footnotes":""},"categories":[2],"tags":[],"class_list":["post-115169","post","type-post","status-publish","format-standard","has-post-thumbnail","hentry","category-geral"],"_links":{"self":[{"href":"https:\/\/www.caririemacao.com\/1\/wp-json\/wp\/v2\/posts\/115169","targetHints":{"allow":["GET"]}}],"collection":[{"href":"https:\/\/www.caririemacao.com\/1\/wp-json\/wp\/v2\/posts"}],"about":[{"href":"https:\/\/www.caririemacao.com\/1\/wp-json\/wp\/v2\/types\/post"}],"author":[{"embeddable":true,"href":"https:\/\/www.caririemacao.com\/1\/wp-json\/wp\/v2\/users\/1"}],"replies":[{"embeddable":true,"href":"https:\/\/www.caririemacao.com\/1\/wp-json\/wp\/v2\/comments?post=115169"}],"version-history":[{"count":1,"href":"https:\/\/www.caririemacao.com\/1\/wp-json\/wp\/v2\/posts\/115169\/revisions"}],"predecessor-version":[{"id":115171,"href":"https:\/\/www.caririemacao.com\/1\/wp-json\/wp\/v2\/posts\/115169\/revisions\/115171"}],"wp:featuredmedia":[{"embeddable":true,"href":"https:\/\/www.caririemacao.com\/1\/wp-json\/wp\/v2\/media\/34202"}],"wp:attachment":[{"href":"https:\/\/www.caririemacao.com\/1\/wp-json\/wp\/v2\/media?parent=115169"}],"wp:term":[{"taxonomy":"category","embeddable":true,"href":"https:\/\/www.caririemacao.com\/1\/wp-json\/wp\/v2\/categories?post=115169"},{"taxonomy":"post_tag","embeddable":true,"href":"https:\/\/www.caririemacao.com\/1\/wp-json\/wp\/v2\/tags?post=115169"}],"curies":[{"name":"wp","href":"https:\/\/api.w.org\/{rel}","templated":true}]}}